{"id":96,"date":"2011-07-13T11:00:05","date_gmt":"2011-07-13T09:00:05","guid":{"rendered":"http:\/\/jlggb.net\/objets\/?p=96"},"modified":"2017-04-17T00:21:55","modified_gmt":"2017-04-16T22:21:55","slug":"la-fraternite-ch-17","status":"publish","type":"post","link":"https:\/\/jlggb.net\/objets\/la-fraternite-ch-17\/","title":{"rendered":"La fraternit\u00e9 (Ch. 17)"},"content":{"rendered":"<p><a href=\"http:\/\/jlggb.net\/blog2\/wp-content\/uploads\/2011\/07\/cliousclat-pots-jaunes.jpg\" data-rel=\"lightbox-image-0\" data-imagelightbox=\"0\" data-rl_title=\"\" data-rl_caption=\"\"><img loading=\"lazy\" decoding=\"async\" src=\"http:\/\/jlggb.net\/blog2\/wp-content\/uploads\/2011\/07\/cliousclat-pots-jaunes.jpg\" alt=\"\" title=\"\" width=\"640\" height=\"480\" class=\"alignnone size-full wp-image-6205\" \/><\/a><br \/>\nMercredi 13 juillet 2011, 11h, Aix-les-Bains. Dans la cuisine de la rue Isaline, dans le casier de contreplaqu\u00e9 de 15 mm peint, se trouvent d\u00e9sormais rassembl\u00e9s deux pichets fabriqu\u00e9s et achet\u00e9s \u00e0 Cliousclat, Dr\u00f4me (Voir\u00a0: <a href=\"http:\/\/poteriedecliou.com\/\" target=\"_blank\">http:\/\/poteriedecliou.com\/<\/a>, mais c\u2019\u00e9tait avant quelques changements de direction), d\u2019inspiration traditionnelle plus ou moins dauphinoise et savoyarde, qui sont rest\u00e9s quelques ann\u00e9es, l\u2019un \u00e0 Pierrelatte, l\u2019autre \u00e0 Paris. On remarque la concordance absolue de leur jaune avec l\u2019ocre-jaune de la polychromie \u00ab Isaline \u00bb (2008).<\/p>\n","protected":false},"excerpt":{"rendered":"<p>Mercredi 13 juillet 2011, 11h, Aix-les-Bains. Dans la cuisine de la rue Isaline, dans le casier de contreplaqu\u00e9 de 15 mm peint, se trouvent d\u00e9sormais rassembl\u00e9s deux pichets fabriqu\u00e9s et achet\u00e9s \u00e0 Cliousclat, Dr\u00f4me (Voir\u00a0: http:\/\/poteriedecliou.com\/, mais c\u2019\u00e9tait avant quelques changements de direction), d\u2019inspiration traditionnelle plus ou moins dauphinoise et savoyarde, qui sont rest\u00e9s quelques &hellip; <a href=\"https:\/\/jlggb.net\/objets\/la-fraternite-ch-17\/\" class=\"more-link\">Continuer la lecture de <span class=\"screen-reader-text\">La fraternit\u00e9 (Ch. 17)<\/span><\/a><\/p>\n","protected":false},"author":1,"featured_media":0,"comment_status":"closed","ping_status":"closed","sticky":false,"template":"","format":"standard","meta":{"footnotes":""},"categories":[155],"tags":[79,80,81],"class_list":["post-96","post","type-post","status-publish","format-standard","hentry","category-fraternite","tag-cliousclat","tag-pichet","tag-poterie"],"_links":{"self":[{"href":"https:\/\/jlggb.net\/objets\/wp-json\/wp\/v2\/posts\/96","targetHints":{"allow":["GET"]}}],"collection":[{"href":"https:\/\/jlggb.net\/objets\/wp-json\/wp\/v2\/posts"}],"about":[{"href":"https:\/\/jlggb.net\/objets\/wp-json\/wp\/v2\/types\/post"}],"author":[{"embeddable":true,"href":"https:\/\/jlggb.net\/objets\/wp-json\/wp\/v2\/users\/1"}],"replies":[{"embeddable":true,"href":"https:\/\/jlggb.net\/objets\/wp-json\/wp\/v2\/comments?post=96"}],"version-history":[{"count":1,"href":"https:\/\/jlggb.net\/objets\/wp-json\/wp\/v2\/posts\/96\/revisions"}],"predecessor-version":[{"id":97,"href":"https:\/\/jlggb.net\/objets\/wp-json\/wp\/v2\/posts\/96\/revisions\/97"}],"wp:attachment":[{"href":"https:\/\/jlggb.net\/objets\/wp-json\/wp\/v2\/media?parent=96"}],"wp:term":[{"taxonomy":"category","embeddable":true,"href":"https:\/\/jlggb.net\/objets\/wp-json\/wp\/v2\/categories?post=96"},{"taxonomy":"post_tag","embeddable":true,"href":"https:\/\/jlggb.net\/objets\/wp-json\/wp\/v2\/tags?post=96"}],"curies":[{"name":"wp","href":"https:\/\/api.w.org\/{rel}","templated":true}]}}