{"id":55,"date":"2015-05-10T18:00:45","date_gmt":"2015-05-10T16:00:45","guid":{"rendered":"http:\/\/jlggb.net\/objets\/?p=55"},"modified":"2017-04-17T00:14:42","modified_gmt":"2017-04-16T22:14:42","slug":"la-parente-ch-35","status":"publish","type":"post","link":"https:\/\/jlggb.net\/objets\/la-parente-ch-35\/","title":{"rendered":"La parent\u00e9 (Ch. 35)"},"content":{"rendered":"<p><a href=\"http:\/\/jlggb.net\/blog4\/wp-content\/uploads\/2015\/05\/pot-langenthal-new-2015.jpg\" data-rel=\"lightbox-image-0\" data-imagelightbox=\"0\" data-rl_title=\"\" data-rl_caption=\"\" title=\"\"><img loading=\"lazy\" decoding=\"async\" src=\"http:\/\/jlggb.net\/blog4\/wp-content\/uploads\/2015\/05\/pot-langenthal-new-2015.jpg\"  width=\"640\" height=\"480\" class=\"size-full wp-image-3159\" \/><\/a><br \/>\nDimanche 10 mai 2015, 18h, 93bis. Un tout petit pot \u00e0 lait, ou \u00e0 cr\u00e8me, en porcelaine blanche, 65 mm de haut, 55 mm de diam\u00e8tre. Parent de tant d\u2019autres mais esseul\u00e9. Une identit\u00e9 faite de petits manques. Ressemblance marquante avec la cafeti\u00e8re classique Melitta, par son haut en lignes horizontales. Des Melitta ne furent-elles pas fabriqu\u00e9es \u00e0 Langenthal\u00a0? Le blason \u00ab Suisse Langenthal 39 \u00bb figure fi\u00e8rement en dessous, avec le tr\u00e8s discret \u00ab 794\/0 \u00bb. Milchkrug d\u2019un certain \u00e2ge donc puisque l\u2019unique manufacture de porcelaine suisse du XXe si\u00e8cle a \u00e9t\u00e9 \u00ab d\u00e9localis\u00e9e \u00bb en R\u00e9publique tch\u00e8que. Les cousins anglais\u00a0: <a href=\"http:\/\/jlggb.net\/blog2\/?p=1918\" target=\"_blank\">http:\/\/jlggb.net\/blog2\/?p=1918<\/a><\/p>\n","protected":false},"excerpt":{"rendered":"<p>Dimanche 10 mai 2015, 18h, 93bis. Un tout petit pot \u00e0 lait, ou \u00e0 cr\u00e8me, en porcelaine blanche, 65 mm de haut, 55 mm de diam\u00e8tre. Parent de tant d\u2019autres mais esseul\u00e9. Une identit\u00e9 faite de petits manques. Ressemblance marquante avec la cafeti\u00e8re classique Melitta, par son haut en lignes horizontales. Des Melitta ne furent-elles &hellip; <a href=\"https:\/\/jlggb.net\/objets\/la-parente-ch-35\/\" class=\"more-link\">Continuer la lecture de <span class=\"screen-reader-text\">La parent\u00e9 (Ch. 35)<\/span><\/a><\/p>\n","protected":false},"author":1,"featured_media":0,"comment_status":"closed","ping_status":"open","sticky":false,"template":"","format":"standard","meta":{"footnotes":""},"categories":[143],"tags":[],"class_list":["post-55","post","type-post","status-publish","format-standard","hentry","category-parente"],"_links":{"self":[{"href":"https:\/\/jlggb.net\/objets\/wp-json\/wp\/v2\/posts\/55","targetHints":{"allow":["GET"]}}],"collection":[{"href":"https:\/\/jlggb.net\/objets\/wp-json\/wp\/v2\/posts"}],"about":[{"href":"https:\/\/jlggb.net\/objets\/wp-json\/wp\/v2\/types\/post"}],"author":[{"embeddable":true,"href":"https:\/\/jlggb.net\/objets\/wp-json\/wp\/v2\/users\/1"}],"replies":[{"embeddable":true,"href":"https:\/\/jlggb.net\/objets\/wp-json\/wp\/v2\/comments?post=55"}],"version-history":[{"count":1,"href":"https:\/\/jlggb.net\/objets\/wp-json\/wp\/v2\/posts\/55\/revisions"}],"predecessor-version":[{"id":56,"href":"https:\/\/jlggb.net\/objets\/wp-json\/wp\/v2\/posts\/55\/revisions\/56"}],"wp:attachment":[{"href":"https:\/\/jlggb.net\/objets\/wp-json\/wp\/v2\/media?parent=55"}],"wp:term":[{"taxonomy":"category","embeddable":true,"href":"https:\/\/jlggb.net\/objets\/wp-json\/wp\/v2\/categories?post=55"},{"taxonomy":"post_tag","embeddable":true,"href":"https:\/\/jlggb.net\/objets\/wp-json\/wp\/v2\/tags?post=55"}],"curies":[{"name":"wp","href":"https:\/\/api.w.org\/{rel}","templated":true}]}}