{"id":463,"date":"2023-03-03T13:00:58","date_gmt":"2023-03-03T12:00:58","guid":{"rendered":"http:\/\/jlggb.net\/objets\/?p=463"},"modified":"2023-05-10T22:48:25","modified_gmt":"2023-05-10T20:48:25","slug":"rester-suite-vie-des-objets-ch-124","status":"publish","type":"post","link":"https:\/\/jlggb.net\/objets\/rester-suite-vie-des-objets-ch-124\/","title":{"rendered":"Rester, suite (Ch. 124)"},"content":{"rendered":"<p><a href=\"http:\/\/jlggb.net\/blog8\/wp-content\/uploads\/2023\/03\/pommes_Xold_20230303_full.jpg\" data-rel=\"lightbox-image-0\" data-imagelightbox=\"0\" data-rl_title=\"\" data-rl_caption=\"\" title=\"\"><img loading=\"lazy\" decoding=\"async\" src=\"http:\/\/jlggb.net\/blog8\/wp-content\/uploads\/2023\/03\/pommes_Xold_20230303_full.jpg\" alt=\"\" width=\"640\" height=\"480\" class=\"alignnone size-full wp-image-1953\" \/><\/a><br \/>\n<a href=\"http:\/\/jlggb.net\/blog8\/wp-content\/uploads\/2023\/03\/deux-pommes-20210204-jlggb-scaled-1.jpg\" data-rel=\"lightbox-image-1\" data-imagelightbox=\"1\" data-rl_title=\"\" data-rl_caption=\"\" title=\"\"><img loading=\"lazy\" decoding=\"async\" class=\"alignnone wp-image-1944\" src=\"http:\/\/jlggb.net\/blog8\/wp-content\/uploads\/2023\/03\/deux-pommes-20210204-jlggb-scaled-1.jpg\" alt=\"\" width=\"640\" height=\"480\" \/><\/a><br \/>\nVendredi 3 mars 2023, 13h, Aix-les-Bains. Le 4 f\u00e9vrier 2021 \u00e9tait publi\u00e9e une photo de deux objets, des pommes un peu frip\u00e9es mais bien rouges, cueillies deux mois plus t\u00f4t, le 4 d\u00e9cembre 2020, alors qu\u2019elles \u00e9taient rest\u00e9es sur leur branche malgr\u00e9 la neige. Voir\u00a0: <a href=\"http:\/\/jlggb.net\/blog7\/2152-2\/\" rel=\"noopener\" target=\"_blank\">http:\/\/jlggb.net\/blog7\/2152-2\/<\/a>. On a donc l\u2019exemple d\u2019un \u00eatre ax\u00e9 sur la vie et la survie qui a connu une vie ou une mort non moins organique. C\u2019est le prix pour \u00eatre trait\u00e9 d\u2019objet.<\/p>\n","protected":false},"excerpt":{"rendered":"<p>Vendredi 3 mars 2023, 13h, Aix-les-Bains. Le 4 f\u00e9vrier 2021 \u00e9tait publi\u00e9e une photo de deux objets, des pommes un peu frip\u00e9es mais bien rouges, cueillies deux mois plus t\u00f4t, le 4 d\u00e9cembre 2020, alors qu\u2019elles \u00e9taient rest\u00e9es sur leur branche malgr\u00e9 la neige. Voir\u00a0: http:\/\/jlggb.net\/blog7\/2152-2\/. On a donc l\u2019exemple d\u2019un \u00eatre ax\u00e9 sur la &hellip; <a href=\"https:\/\/jlggb.net\/objets\/rester-suite-vie-des-objets-ch-124\/\" class=\"more-link\">Continuer la lecture de <span class=\"screen-reader-text\">Rester, suite (Ch. 124)<\/span><\/a><\/p>\n","protected":false},"author":1,"featured_media":0,"comment_status":"closed","ping_status":"open","sticky":false,"template":"","format":"standard","meta":{"footnotes":""},"categories":[262],"tags":[263],"class_list":["post-463","post","type-post","status-publish","format-standard","hentry","category-rester","tag-pomme"],"_links":{"self":[{"href":"https:\/\/jlggb.net\/objets\/wp-json\/wp\/v2\/posts\/463","targetHints":{"allow":["GET"]}}],"collection":[{"href":"https:\/\/jlggb.net\/objets\/wp-json\/wp\/v2\/posts"}],"about":[{"href":"https:\/\/jlggb.net\/objets\/wp-json\/wp\/v2\/types\/post"}],"author":[{"embeddable":true,"href":"https:\/\/jlggb.net\/objets\/wp-json\/wp\/v2\/users\/1"}],"replies":[{"embeddable":true,"href":"https:\/\/jlggb.net\/objets\/wp-json\/wp\/v2\/comments?post=463"}],"version-history":[{"count":2,"href":"https:\/\/jlggb.net\/objets\/wp-json\/wp\/v2\/posts\/463\/revisions"}],"predecessor-version":[{"id":492,"href":"https:\/\/jlggb.net\/objets\/wp-json\/wp\/v2\/posts\/463\/revisions\/492"}],"wp:attachment":[{"href":"https:\/\/jlggb.net\/objets\/wp-json\/wp\/v2\/media?parent=463"}],"wp:term":[{"taxonomy":"category","embeddable":true,"href":"https:\/\/jlggb.net\/objets\/wp-json\/wp\/v2\/categories?post=463"},{"taxonomy":"post_tag","embeddable":true,"href":"https:\/\/jlggb.net\/objets\/wp-json\/wp\/v2\/tags?post=463"}],"curies":[{"name":"wp","href":"https:\/\/api.w.org\/{rel}","templated":true}]}}