{"id":403,"date":"2022-03-31T12:00:44","date_gmt":"2022-03-31T10:00:44","guid":{"rendered":"http:\/\/jlggb.net\/objets\/?p=403"},"modified":"2022-07-29T22:41:03","modified_gmt":"2022-07-29T20:41:03","slug":"reminiscence-ch-109","status":"publish","type":"post","link":"https:\/\/jlggb.net\/objets\/reminiscence-ch-109\/","title":{"rendered":"R\u00e9miniscence (Ch. 109)"},"content":{"rendered":"<p><a href=\"http:\/\/jlggb.net\/blog8\/wp-content\/uploads\/2022\/04\/barnier-20220331-jlggb-scaled.jpg\" data-rel=\"lightbox-image-0\" data-imagelightbox=\"0\" data-rl_title=\"\" data-rl_caption=\"\" title=\"\"><img loading=\"lazy\" decoding=\"async\" src=\"http:\/\/jlggb.net\/blog8\/wp-content\/uploads\/2022\/04\/barnier-20220331-jlggb-scaled.jpg\" alt=\"\" width=\"640\" height=\"480\" class=\"alignnone size-full wp-image-537\" \/><\/a><br \/>\nJeudi 31 mars 2022, 11h45, avenue Franklin Roosevelt, Aix-les-Bains. Dans ce magasin professionnel de fournitures du b\u00e2timent, pour une vanne de conduite PVC \u00e0 monter dans un bassin de d\u00e9cantation d\u2019atelier de c\u00e9ramique, une image, une couleur, soulignent un nom\u00a0: Barnier. Ce nom fait na\u00eetre dans l\u2019instant une sensation doucereuse. Il y a 70 ans, une telle sensation venait d\u2019une odeur incertaine, associant \u00e9c\u0153urement et m\u00e9lancolie. On disait, \u00ab \u00e7a me tape sur le syst\u00e8me \u00bb, c\u2019est Barnier, c\u2019est le vent du midi. On \u00e9tait dans la cour de l\u2019\u00e9cole annexe de l\u2019\u00c9cole normale d\u2019instituteurs de Valence et on savait que l\u2019usine qui longeait le mur fabriquait de chatterton, du ruban isolant. <a href=\"https:\/\/www.barnierpro.com\/barnier-marque\/histoire\" rel=\"noopener\" target=\"_blank\">https:\/\/www.barnierpro.com\/barnier-marque\/histoire<\/a><\/p>\n","protected":false},"excerpt":{"rendered":"<p>Jeudi 31 mars 2022, 11h45, avenue Franklin Roosevelt, Aix-les-Bains. Dans ce magasin professionnel de fournitures du b\u00e2timent, pour une vanne de conduite PVC \u00e0 monter dans un bassin de d\u00e9cantation d\u2019atelier de c\u00e9ramique, une image, une couleur, soulignent un nom\u00a0: Barnier. Ce nom fait na\u00eetre dans l\u2019instant une sensation doucereuse. Il y a 70 ans, &hellip; <a href=\"https:\/\/jlggb.net\/objets\/reminiscence-ch-109\/\" class=\"more-link\">Continuer la lecture de <span class=\"screen-reader-text\">R\u00e9miniscence (Ch. 109)<\/span><\/a><\/p>\n","protected":false},"author":1,"featured_media":0,"comment_status":"closed","ping_status":"open","sticky":false,"template":"","format":"standard","meta":{"footnotes":""},"categories":[328],"tags":[329,225,330],"class_list":["post-403","post","type-post","status-publish","format-standard","hentry","category-reminiscence","tag-adhesif","tag-orange","tag-sensation"],"_links":{"self":[{"href":"https:\/\/jlggb.net\/objets\/wp-json\/wp\/v2\/posts\/403","targetHints":{"allow":["GET"]}}],"collection":[{"href":"https:\/\/jlggb.net\/objets\/wp-json\/wp\/v2\/posts"}],"about":[{"href":"https:\/\/jlggb.net\/objets\/wp-json\/wp\/v2\/types\/post"}],"author":[{"embeddable":true,"href":"https:\/\/jlggb.net\/objets\/wp-json\/wp\/v2\/users\/1"}],"replies":[{"embeddable":true,"href":"https:\/\/jlggb.net\/objets\/wp-json\/wp\/v2\/comments?post=403"}],"version-history":[{"count":1,"href":"https:\/\/jlggb.net\/objets\/wp-json\/wp\/v2\/posts\/403\/revisions"}],"predecessor-version":[{"id":404,"href":"https:\/\/jlggb.net\/objets\/wp-json\/wp\/v2\/posts\/403\/revisions\/404"}],"wp:attachment":[{"href":"https:\/\/jlggb.net\/objets\/wp-json\/wp\/v2\/media?parent=403"}],"wp:term":[{"taxonomy":"category","embeddable":true,"href":"https:\/\/jlggb.net\/objets\/wp-json\/wp\/v2\/categories?post=403"},{"taxonomy":"post_tag","embeddable":true,"href":"https:\/\/jlggb.net\/objets\/wp-json\/wp\/v2\/tags?post=403"}],"curies":[{"name":"wp","href":"https:\/\/api.w.org\/{rel}","templated":true}]}}