{"id":389,"date":"2021-05-14T19:00:05","date_gmt":"2021-05-14T17:00:05","guid":{"rendered":"http:\/\/jlggb.net\/objets\/?p=389"},"modified":"2022-01-24T00:36:34","modified_gmt":"2022-01-23T23:36:34","slug":"suspendre-ch-98","status":"publish","type":"post","link":"https:\/\/jlggb.net\/objets\/suspendre-ch-98\/","title":{"rendered":"Suspendre (Ch. 98)"},"content":{"rendered":"<p><a href=\"http:\/\/jlggb.net\/blog7\/wp-content\/uploads\/2021\/05\/patere-berne-20210514-jlggb-scaled.jpg\" data-rel=\"lightbox-image-0\" data-imagelightbox=\"0\" data-rl_title=\"\" data-rl_caption=\"\" title=\"\"><img loading=\"lazy\" decoding=\"async\" class=\"alignnone size-full wp-image-2633\" src=\"http:\/\/jlggb.net\/blog7\/wp-content\/uploads\/2021\/05\/patere-berne-20210514-jlggb-scaled.jpg\" alt=\"\" width=\"640\" height=\"480\" \/><\/a><br \/>\nVendredi 14 mai 2021, 19h45, des archives. Une pat\u00e8re d\u2019aluminium a attendu. Avec trois autres de la m\u00eame famille mais plus simples, elle a \u00e9t\u00e9 acquise dans la majestueuse quincaillerie du centre de Berne. C\u2019\u00e9tait en 1973, le besoin existait, d\u2019utilit\u00e9 et de collection. Elle a d\u00e9m\u00e9nag\u00e9, a \u00e9t\u00e9 rang\u00e9e et plusieurs fois ressortie. Elle vient d\u2019\u00eatre viss\u00e9e \u00e0 une porte fra\u00eechement peinte.<\/p>\n","protected":false},"excerpt":{"rendered":"<p>Vendredi 14 mai 2021, 19h45, des archives. Une pat\u00e8re d\u2019aluminium a attendu. Avec trois autres de la m\u00eame famille mais plus simples, elle a \u00e9t\u00e9 acquise dans la majestueuse quincaillerie du centre de Berne. C\u2019\u00e9tait en 1973, le besoin existait, d\u2019utilit\u00e9 et de collection. Elle a d\u00e9m\u00e9nag\u00e9, a \u00e9t\u00e9 rang\u00e9e et plusieurs fois ressortie. Elle &hellip; <a href=\"https:\/\/jlggb.net\/objets\/suspendre-ch-98\/\" class=\"more-link\">Continuer la lecture de <span class=\"screen-reader-text\">Suspendre (Ch. 98)<\/span><\/a><\/p>\n","protected":false},"author":1,"featured_media":0,"comment_status":"closed","ping_status":"open","sticky":false,"template":"","format":"standard","meta":{"footnotes":""},"categories":[316],"tags":[317,318],"class_list":["post-389","post","type-post","status-publish","format-standard","hentry","category-suspendre","tag-aluminium","tag-porte-manteau"],"_links":{"self":[{"href":"https:\/\/jlggb.net\/objets\/wp-json\/wp\/v2\/posts\/389","targetHints":{"allow":["GET"]}}],"collection":[{"href":"https:\/\/jlggb.net\/objets\/wp-json\/wp\/v2\/posts"}],"about":[{"href":"https:\/\/jlggb.net\/objets\/wp-json\/wp\/v2\/types\/post"}],"author":[{"embeddable":true,"href":"https:\/\/jlggb.net\/objets\/wp-json\/wp\/v2\/users\/1"}],"replies":[{"embeddable":true,"href":"https:\/\/jlggb.net\/objets\/wp-json\/wp\/v2\/comments?post=389"}],"version-history":[{"count":2,"href":"https:\/\/jlggb.net\/objets\/wp-json\/wp\/v2\/posts\/389\/revisions"}],"predecessor-version":[{"id":391,"href":"https:\/\/jlggb.net\/objets\/wp-json\/wp\/v2\/posts\/389\/revisions\/391"}],"wp:attachment":[{"href":"https:\/\/jlggb.net\/objets\/wp-json\/wp\/v2\/media?parent=389"}],"wp:term":[{"taxonomy":"category","embeddable":true,"href":"https:\/\/jlggb.net\/objets\/wp-json\/wp\/v2\/categories?post=389"},{"taxonomy":"post_tag","embeddable":true,"href":"https:\/\/jlggb.net\/objets\/wp-json\/wp\/v2\/tags?post=389"}],"curies":[{"name":"wp","href":"https:\/\/api.w.org\/{rel}","templated":true}]}}