{"id":374,"date":"2021-01-18T12:00:33","date_gmt":"2021-01-18T11:00:33","guid":{"rendered":"http:\/\/jlggb.net\/objets\/?p=374"},"modified":"2022-01-24T00:21:23","modified_gmt":"2022-01-23T23:21:23","slug":"investiguer-ch-92","status":"publish","type":"post","link":"https:\/\/jlggb.net\/objets\/investiguer-ch-92\/","title":{"rendered":"Investiguer (Ch. 92)"},"content":{"rendered":"<p><a href=\"http:\/\/jlggb.net\/blog7\/wp-content\/uploads\/2021\/01\/viv-max-jlb-1998-perforations-jlggb-scaled.jpg\" data-rel=\"lightbox-image-0\" data-imagelightbox=\"0\" data-rl_title=\"\" data-rl_caption=\"\" title=\"\"><img loading=\"lazy\" decoding=\"async\" class=\"alignnone size-full wp-image-1997\" src=\"http:\/\/jlggb.net\/blog7\/wp-content\/uploads\/2021\/01\/viv-max-jlb-1998-perforations-jlggb-scaled.jpg\" alt=\"\" width=\"640\" height=\"480\" \/><\/a><br \/>\n<a href=\"http:\/\/jlggb.net\/blog7\/wp-content\/uploads\/2021\/01\/telerama-fevrier-1998-400.jpg\" data-rel=\"lightbox-image-1\" data-imagelightbox=\"1\" data-rl_title=\"\" data-rl_caption=\"\" title=\"\"><img loading=\"lazy\" decoding=\"async\" class=\"alignnone wp-image-1989\" src=\"http:\/\/jlggb.net\/blog7\/wp-content\/uploads\/2021\/01\/telerama-fevrier-1998-400.jpg\" alt=\"\" width=\"90\" height=\"120\" \/><\/a><br \/>\nLundi 18 janvier 2021, 22h, Nice-Savoie. Parmi de nombreux n\u00e9gatifs, y compris en couleurs, venus d\u2019appareils jetables, des photos de famille d\u2019autant plus parlantes et touchantes qu\u2019elles ont \u00e9t\u00e9 prises \u00ab\u00a0comme \u00e7a\u00a0\u00bb. Celle-ci le fut par \u00c9tienne pour montrer ses deux petits-cousins, Victor et Max. Quand\u00a0? L\u00e9o \u00e9tait-il n\u00e9\u00a0? Indice d\u00e9cisif o\u00f9 Google intervient, le magazine en train d\u2019\u00eatre lu est <em>T\u00e9l\u00e9rama<\/em>, on le voit assez pour le reconna\u00eetre, on trouve sa date\u00a0: 7 f\u00e9vrier 1998.<\/p>\n","protected":false},"excerpt":{"rendered":"<p>Lundi 18 janvier 2021, 22h, Nice-Savoie. Parmi de nombreux n\u00e9gatifs, y compris en couleurs, venus d\u2019appareils jetables, des photos de famille d\u2019autant plus parlantes et touchantes qu\u2019elles ont \u00e9t\u00e9 prises \u00ab\u00a0comme \u00e7a\u00a0\u00bb. Celle-ci le fut par \u00c9tienne pour montrer ses deux petits-cousins, Victor et Max. Quand\u00a0? L\u00e9o \u00e9tait-il n\u00e9\u00a0? Indice d\u00e9cisif o\u00f9 Google intervient, le &hellip; <a href=\"https:\/\/jlggb.net\/objets\/investiguer-ch-92\/\" class=\"more-link\">Continuer la lecture de <span class=\"screen-reader-text\">Investiguer (Ch. 92)<\/span><\/a><\/p>\n","protected":false},"author":1,"featured_media":0,"comment_status":"closed","ping_status":"open","sticky":false,"template":"","format":"standard","meta":{"footnotes":""},"categories":[305],"tags":[],"class_list":["post-374","post","type-post","status-publish","format-standard","hentry","category-investigation"],"_links":{"self":[{"href":"https:\/\/jlggb.net\/objets\/wp-json\/wp\/v2\/posts\/374","targetHints":{"allow":["GET"]}}],"collection":[{"href":"https:\/\/jlggb.net\/objets\/wp-json\/wp\/v2\/posts"}],"about":[{"href":"https:\/\/jlggb.net\/objets\/wp-json\/wp\/v2\/types\/post"}],"author":[{"embeddable":true,"href":"https:\/\/jlggb.net\/objets\/wp-json\/wp\/v2\/users\/1"}],"replies":[{"embeddable":true,"href":"https:\/\/jlggb.net\/objets\/wp-json\/wp\/v2\/comments?post=374"}],"version-history":[{"count":1,"href":"https:\/\/jlggb.net\/objets\/wp-json\/wp\/v2\/posts\/374\/revisions"}],"predecessor-version":[{"id":375,"href":"https:\/\/jlggb.net\/objets\/wp-json\/wp\/v2\/posts\/374\/revisions\/375"}],"wp:attachment":[{"href":"https:\/\/jlggb.net\/objets\/wp-json\/wp\/v2\/media?parent=374"}],"wp:term":[{"taxonomy":"category","embeddable":true,"href":"https:\/\/jlggb.net\/objets\/wp-json\/wp\/v2\/categories?post=374"},{"taxonomy":"post_tag","embeddable":true,"href":"https:\/\/jlggb.net\/objets\/wp-json\/wp\/v2\/tags?post=374"}],"curies":[{"name":"wp","href":"https:\/\/api.w.org\/{rel}","templated":true}]}}