{"id":29,"date":"2016-03-21T20:00:34","date_gmt":"2016-03-21T19:00:34","guid":{"rendered":"http:\/\/jlggb.net\/objets\/?p=29"},"modified":"2017-04-17T00:08:27","modified_gmt":"2017-04-16T22:08:27","slug":"le-regard-ch-45","status":"publish","type":"post","link":"https:\/\/jlggb.net\/objets\/le-regard-ch-45\/","title":{"rendered":"Le regard (Ch. 45)"},"content":{"rendered":"<p><a href=\"http:\/\/jlggb.net\/blog5\/wp-content\/uploads\/2016\/03\/lunette-romans-2016.jpg\" rel=\"attachment wp-att-265\" data-rel=\"lightbox-image-0\" data-imagelightbox=\"0\" data-rl_title=\"\" data-rl_caption=\"\" title=\"\"><img loading=\"lazy\" decoding=\"async\" class=\"alignnone size-full wp-image-265\" src=\"http:\/\/jlggb.net\/blog5\/wp-content\/uploads\/2016\/03\/lunette-romans-2016.jpg\" alt=\"lunette-romans\" width=\"640\" height=\"480\" \/><\/a><br \/>\nLundi 21 mars 2016, 23h. Si \u00ab Reflets de France \u00bb a peut-\u00eatre une note \u00ab famille-patrie \u00bb, on peut appr\u00e9cier ce qui vient du pays. Lunette de Romans c&rsquo;est une dualit\u00e9, le moment o\u00f9 l&rsquo;Is\u00e8re entre dans la Dr\u00f4me. Il est dit que ce sabl\u00e9 \u00ab milanais \u00bb fut apport\u00e9 par les b\u00fbcherons du Pi\u00e9mont. Une invention qui certainement fut celle d&rsquo;une personne inspir\u00e9e et amusante, \u00e0 l&rsquo;\u00e9poque de la m\u00e9canique grandissante. Astuce g\u00e9niale pour faire voir la confiture rouge qui est dedans. Elles se vendent toujours par sept&nbsp;; une par jour&nbsp;?<\/p>\n","protected":false},"excerpt":{"rendered":"<p>Lundi 21 mars 2016, 23h. Si \u00ab Reflets de France \u00bb a peut-\u00eatre une note \u00ab famille-patrie \u00bb, on peut appr\u00e9cier ce qui vient du pays. Lunette de Romans c&rsquo;est une dualit\u00e9, le moment o\u00f9 l&rsquo;Is\u00e8re entre dans la Dr\u00f4me. Il est dit que ce sabl\u00e9 \u00ab milanais \u00bb fut apport\u00e9 par les b\u00fbcherons du &hellip; <a href=\"https:\/\/jlggb.net\/objets\/le-regard-ch-45\/\" class=\"more-link\">Continuer la lecture de <span class=\"screen-reader-text\">Le regard (Ch. 45)<\/span><\/a><\/p>\n","protected":false},"author":1,"featured_media":0,"comment_status":"closed","ping_status":"open","sticky":false,"template":"","format":"standard","meta":{"footnotes":""},"categories":[134],"tags":[21,22,23],"class_list":["post-29","post","type-post","status-publish","format-standard","hentry","category-regard","tag-confiture","tag-romans","tag-sable"],"_links":{"self":[{"href":"https:\/\/jlggb.net\/objets\/wp-json\/wp\/v2\/posts\/29","targetHints":{"allow":["GET"]}}],"collection":[{"href":"https:\/\/jlggb.net\/objets\/wp-json\/wp\/v2\/posts"}],"about":[{"href":"https:\/\/jlggb.net\/objets\/wp-json\/wp\/v2\/types\/post"}],"author":[{"embeddable":true,"href":"https:\/\/jlggb.net\/objets\/wp-json\/wp\/v2\/users\/1"}],"replies":[{"embeddable":true,"href":"https:\/\/jlggb.net\/objets\/wp-json\/wp\/v2\/comments?post=29"}],"version-history":[{"count":2,"href":"https:\/\/jlggb.net\/objets\/wp-json\/wp\/v2\/posts\/29\/revisions"}],"predecessor-version":[{"id":147,"href":"https:\/\/jlggb.net\/objets\/wp-json\/wp\/v2\/posts\/29\/revisions\/147"}],"wp:attachment":[{"href":"https:\/\/jlggb.net\/objets\/wp-json\/wp\/v2\/media?parent=29"}],"wp:term":[{"taxonomy":"category","embeddable":true,"href":"https:\/\/jlggb.net\/objets\/wp-json\/wp\/v2\/categories?post=29"},{"taxonomy":"post_tag","embeddable":true,"href":"https:\/\/jlggb.net\/objets\/wp-json\/wp\/v2\/tags?post=29"}],"curies":[{"name":"wp","href":"https:\/\/api.w.org\/{rel}","templated":true}]}}