{"id":884,"date":"2024-05-18T18:40:22","date_gmt":"2024-05-18T16:40:22","guid":{"rendered":"https:\/\/jlggb.net\/blog9\/?p=884"},"modified":"2024-05-26T15:57:45","modified_gmt":"2024-05-26T13:57:45","slug":"amaryllis-autochrome","status":"publish","type":"post","link":"https:\/\/jlggb.net\/blog9\/2024\/05\/18\/amaryllis-autochrome\/","title":{"rendered":"Amaryllis autochrome"},"content":{"rendered":"<p><a href=\"https:\/\/jlggb.net\/blog9\/wp-content\/uploads\/2024\/05\/kahn_amarylis_20240518-scaled.jpg\" data-rel=\"lightbox-image-0\" data-imagelightbox=\"0\" data-rl_title=\"\" data-rl_caption=\"\" title=\"\"><img loading=\"lazy\" decoding=\"async\" class=\"alignnone wp-image-885\" src=\"https:\/\/jlggb.net\/blog9\/wp-content\/uploads\/2024\/05\/kahn_amarylis_20240518-scaled.jpg\" alt=\"\" width=\"640\" height=\"853\" srcset=\"https:\/\/jlggb.net\/blog9\/wp-content\/uploads\/2024\/05\/kahn_amarylis_20240518-scaled.jpg 1920w, https:\/\/jlggb.net\/blog9\/wp-content\/uploads\/2024\/05\/kahn_amarylis_20240518-225x300.jpg 225w, https:\/\/jlggb.net\/blog9\/wp-content\/uploads\/2024\/05\/kahn_amarylis_20240518-768x1024.jpg 768w, https:\/\/jlggb.net\/blog9\/wp-content\/uploads\/2024\/05\/kahn_amarylis_20240518-1152x1536.jpg 1152w, https:\/\/jlggb.net\/blog9\/wp-content\/uploads\/2024\/05\/kahn_amarylis_20240518-1536x2048.jpg 1536w, https:\/\/jlggb.net\/blog9\/wp-content\/uploads\/2024\/05\/kahn_amarylis_20240518-113x150.jpg 113w\" sizes=\"auto, (max-width: 640px) 100vw, 640px\" \/><\/a><br \/>\nSamedi 18 mai, 18h40, mus\u00e9e d\u00e9partemental Albert Kahn, Boulogne-Billancourt. Dans l&rsquo;exposition \u00ab Natures Vivantes. Images et imaginaires des jardins d\u2019Albert Kahn \u00bb, <em>Amaryllis en fleurs dans un pot de fa\u00efence, \u00e0 l&rsquo;int\u00e9rieur d&rsquo;une maison du village japonais<\/em>, Georges Chevalier, juillet 1931. Cette photographie est pr\u00e9sente aussi sur le Portail Images du mus\u00e9e, num\u00e9ro d&rsquo;inventaire B1565, avec la pr\u00e9cision&nbsp;: autochrome 9 x 12 cm, mais sans date. L&rsquo;image accessible est tr\u00e8s proche de notre reproduction de reproduction. Cependant, le passage par l&rsquo;algorithme photo de l&rsquo;iPhone intensifie l&rsquo;effet autochrome.<\/p>\n","protected":false},"excerpt":{"rendered":"<p>Samedi 18 mai, 18h40, mus\u00e9e d\u00e9partemental Albert Kahn, Boulogne-Billancourt. Dans l&rsquo;exposition \u00ab Natures Vivantes. Images et imaginaires des jardins d\u2019Albert Kahn \u00bb, Amaryllis en fleurs dans un pot de fa\u00efence, \u00e0 l&rsquo;int\u00e9rieur d&rsquo;une maison du village japonais, Georges Chevalier, juillet 1931. Cette photographie est pr\u00e9sente aussi sur le Portail Images du mus\u00e9e, num\u00e9ro d&rsquo;inventaire B1565, &hellip; <a href=\"https:\/\/jlggb.net\/blog9\/2024\/05\/18\/amaryllis-autochrome\/\" class=\"more-link\">Continuer la lecture de <span class=\"screen-reader-text\">Amaryllis autochrome<\/span><\/a><\/p>\n","protected":false},"author":1,"featured_media":0,"comment_status":"closed","ping_status":"closed","sticky":false,"template":"","format":"standard","meta":{"footnotes":""},"categories":[15,54,104],"tags":[192,102],"class_list":["post-884","post","type-post","status-publish","format-standard","hentry","category-art","category-collection","category-saisie","tag-autochrome","tag-japon"],"_links":{"self":[{"href":"https:\/\/jlggb.net\/blog9\/wp-json\/wp\/v2\/posts\/884","targetHints":{"allow":["GET"]}}],"collection":[{"href":"https:\/\/jlggb.net\/blog9\/wp-json\/wp\/v2\/posts"}],"about":[{"href":"https:\/\/jlggb.net\/blog9\/wp-json\/wp\/v2\/types\/post"}],"author":[{"embeddable":true,"href":"https:\/\/jlggb.net\/blog9\/wp-json\/wp\/v2\/users\/1"}],"replies":[{"embeddable":true,"href":"https:\/\/jlggb.net\/blog9\/wp-json\/wp\/v2\/comments?post=884"}],"version-history":[{"count":9,"href":"https:\/\/jlggb.net\/blog9\/wp-json\/wp\/v2\/posts\/884\/revisions"}],"predecessor-version":[{"id":895,"href":"https:\/\/jlggb.net\/blog9\/wp-json\/wp\/v2\/posts\/884\/revisions\/895"}],"wp:attachment":[{"href":"https:\/\/jlggb.net\/blog9\/wp-json\/wp\/v2\/media?parent=884"}],"wp:term":[{"taxonomy":"category","embeddable":true,"href":"https:\/\/jlggb.net\/blog9\/wp-json\/wp\/v2\/categories?post=884"},{"taxonomy":"post_tag","embeddable":true,"href":"https:\/\/jlggb.net\/blog9\/wp-json\/wp\/v2\/tags?post=884"}],"curies":[{"name":"wp","href":"https:\/\/api.w.org\/{rel}","templated":true}]}}