{"id":87,"date":"2024-01-11T17:00:59","date_gmt":"2024-01-11T16:00:59","guid":{"rendered":"http:\/\/jlggb.net\/blog9\/?p=87"},"modified":"2024-01-15T12:07:57","modified_gmt":"2024-01-15T11:07:57","slug":"francoise-au-bandeau","status":"publish","type":"post","link":"https:\/\/jlggb.net\/blog9\/2024\/01\/11\/francoise-au-bandeau\/","title":{"rendered":"Fran\u00e7oise au bandeau"},"content":{"rendered":"<p><a href=\"https:\/\/jlggb.net\/blog9\/wp-content\/uploads\/2024\/01\/picasso_francoise_au_bandeau_1946_20240111-scaled.jpg\" data-rel=\"lightbox-image-0\" data-imagelightbox=\"0\" data-rl_title=\"\" data-rl_caption=\"\" title=\"\"><img loading=\"lazy\" decoding=\"async\" class=\"alignnone wp-image-89\" src=\"https:\/\/jlggb.net\/blog9\/wp-content\/uploads\/2024\/01\/picasso_francoise_au_bandeau_1946_20240111-scaled.jpg\" alt=\"\" width=\"640\" height=\"826\" srcset=\"https:\/\/jlggb.net\/blog9\/wp-content\/uploads\/2024\/01\/picasso_francoise_au_bandeau_1946_20240111-scaled.jpg 1984w, https:\/\/jlggb.net\/blog9\/wp-content\/uploads\/2024\/01\/picasso_francoise_au_bandeau_1946_20240111-233x300.jpg 233w, https:\/\/jlggb.net\/blog9\/wp-content\/uploads\/2024\/01\/picasso_francoise_au_bandeau_1946_20240111-794x1024.jpg 794w, https:\/\/jlggb.net\/blog9\/wp-content\/uploads\/2024\/01\/picasso_francoise_au_bandeau_1946_20240111-768x991.jpg 768w, https:\/\/jlggb.net\/blog9\/wp-content\/uploads\/2024\/01\/picasso_francoise_au_bandeau_1946_20240111-1190x1536.jpg 1190w, https:\/\/jlggb.net\/blog9\/wp-content\/uploads\/2024\/01\/picasso_francoise_au_bandeau_1946_20240111-1587x2048.jpg 1587w, https:\/\/jlggb.net\/blog9\/wp-content\/uploads\/2024\/01\/picasso_francoise_au_bandeau_1946_20240111-116x150.jpg 116w\" sizes=\"auto, (max-width: 640px) 100vw, 640px\" \/><\/a><br \/>\n<a href=\"https:\/\/jlggb.net\/blog9\/wp-content\/uploads\/2024\/01\/picasso_francoise_1946_20240111-scaled.jpg\" data-rel=\"lightbox-image-1\" data-imagelightbox=\"1\" data-rl_title=\"\" data-rl_caption=\"\" title=\"\"><img loading=\"lazy\" decoding=\"async\" class=\"alignnone wp-image-90\" src=\"https:\/\/jlggb.net\/blog9\/wp-content\/uploads\/2024\/01\/picasso_francoise_1946_20240111-scaled.jpg\" alt=\"\" width=\"640\" height=\"320\" srcset=\"https:\/\/jlggb.net\/blog9\/wp-content\/uploads\/2024\/01\/picasso_francoise_1946_20240111-scaled.jpg 2560w, https:\/\/jlggb.net\/blog9\/wp-content\/uploads\/2024\/01\/picasso_francoise_1946_20240111-300x150.jpg 300w, https:\/\/jlggb.net\/blog9\/wp-content\/uploads\/2024\/01\/picasso_francoise_1946_20240111-1024x512.jpg 1024w, https:\/\/jlggb.net\/blog9\/wp-content\/uploads\/2024\/01\/picasso_francoise_1946_20240111-768x384.jpg 768w, https:\/\/jlggb.net\/blog9\/wp-content\/uploads\/2024\/01\/picasso_francoise_1946_20240111-1536x768.jpg 1536w, https:\/\/jlggb.net\/blog9\/wp-content\/uploads\/2024\/01\/picasso_francoise_1946_20240111-2048x1024.jpg 2048w, https:\/\/jlggb.net\/blog9\/wp-content\/uploads\/2024\/01\/picasso_francoise_1946_20240111-150x75.jpg 150w\" sizes=\"auto, (max-width: 640px) 100vw, 640px\" \/><\/a><br \/>\nJeudi 11 janvier 2024, 17h, Centre Pompidou, Paris. Pablo Picasso, <em>Fran\u00e7oise au bandeau, Paris, 5 juillet 1946<\/em>, crayon graphite sur papier. <em>Portrait de Fran\u00e7oise, Paris, 20 mai 1946<\/em>, crayon graphite, crayon trois couleurs et fusain sur papier. <em>Fran\u00e7oise au bandeau, Paris, 5 juillet 1946<\/em>, crayon graphite, estompage et gommage sur papier. Mus\u00e9e national Picasso-Paris. Dation Pablo Picasso, 1979. Le portrait central est sur l&rsquo;affiche de l&rsquo;exposition \u00ab Picasso. Dessiner \u00e0 l\u2019infini \u00bb. Alors que le mod\u00e8le du Minotaure porte d\u00e9sormais une critique de Picasso, Fran\u00e7oise Gilot, qui s&rsquo;est \u00e9teinte le 6 juin 2023, est c\u00e9l\u00e9br\u00e9e comme peintre, comme femme libre. Sous le titre \u00ab Variations autour du portrait \u00bb, il est \u00e9crit au mur&nbsp;: \u00ab\u00a0La r\u00e9union de la face et du profil s&rsquo;impose comme le probl\u00e8me central qu&rsquo;affrontent les portraits de Dora Maar. Apr\u00e8s-guerre, ceux de Fran\u00e7oise Gilot, au contraire, adoptent la vue frontale. \u00c0 force de d\u00e9clinaisons, le visage se transforme en motif, l&rsquo;identit\u00e9 du mod\u00e8le s&rsquo;estompe derri\u00e8re l&rsquo;arch\u00e9type. En contrechamp de ces portraits, les m\u00e9moires de Fran\u00e7oise Gilot, comme avant eux, ceux de Fernande Olivier, font entendre la voix du mod\u00e8le. \u00bb Une telle analyse est utile. Une remarque cependant. Un tableau qui fait appel \u00e0 un mod\u00e8le n&rsquo;est pas n\u00e9cessairement un portrait et ce sont bien ici des portraits. S&rsquo;ils tendent \u00e0 devenir des motifs, ils peuvent conserver la motivation qui les a fait exister. Un motif est \u00e0 m\u00eame d&rsquo;\u00e9viter le st\u00e9r\u00e9otype, d&rsquo;atteindre l&rsquo;efficience d&rsquo;un signe ouvert. On pr\u00e9f\u00e8re singularit\u00e9 \u00e0 identit\u00e9. Fran\u00e7oise a la joue gauche marqu\u00e9e d&rsquo;un point dont il a \u00e9t\u00e9 dit qu&rsquo;il serait la marque d&rsquo;une br\u00fblure de cigarette inflig\u00e9e par Picasso. Il est vrai que c&rsquo;est <em>Vivre avec Picasso<\/em> qui nous l&rsquo;apprend, et qui charge le <em>punctum<\/em> de faire vivre le motif, qui n&rsquo;attendait que \u00e7a. On voudrait en savoir plus sur le bandeau.<br \/>\n<span style=\"color: #ffffff;\">\/\/<\/span><br \/>\nLes photos de Fran\u00e7oise Gilot, qu&rsquo;on conna\u00eet bien, dont celles de Robert Doisneau, montrent un grain de beaut\u00e9.<br \/>\n<a href=\"https:\/\/jlggb.net\/blog9\/wp-content\/uploads\/2024\/01\/punctum_francoise_au_bandeau_1946_20240111-scaled.jpg\" data-rel=\"lightbox-image-2\" data-imagelightbox=\"2\" data-rl_title=\"\" data-rl_caption=\"\" title=\"\"><img loading=\"lazy\" decoding=\"async\" class=\"alignnone size-full wp-image-112\" src=\"https:\/\/jlggb.net\/blog9\/wp-content\/uploads\/2024\/01\/punctum_francoise_au_bandeau_1946_20240111-scaled.jpg\" alt=\"\" width=\"640\" height=\"480\" srcset=\"https:\/\/jlggb.net\/blog9\/wp-content\/uploads\/2024\/01\/punctum_francoise_au_bandeau_1946_20240111-scaled.jpg 2560w, https:\/\/jlggb.net\/blog9\/wp-content\/uploads\/2024\/01\/punctum_francoise_au_bandeau_1946_20240111-300x225.jpg 300w, https:\/\/jlggb.net\/blog9\/wp-content\/uploads\/2024\/01\/punctum_francoise_au_bandeau_1946_20240111-1024x768.jpg 1024w, https:\/\/jlggb.net\/blog9\/wp-content\/uploads\/2024\/01\/punctum_francoise_au_bandeau_1946_20240111-768x576.jpg 768w, https:\/\/jlggb.net\/blog9\/wp-content\/uploads\/2024\/01\/punctum_francoise_au_bandeau_1946_20240111-1536x1152.jpg 1536w, https:\/\/jlggb.net\/blog9\/wp-content\/uploads\/2024\/01\/punctum_francoise_au_bandeau_1946_20240111-2048x1536.jpg 2048w, https:\/\/jlggb.net\/blog9\/wp-content\/uploads\/2024\/01\/punctum_francoise_au_bandeau_1946_20240111-150x113.jpg 150w\" sizes=\"auto, (max-width: 640px) 100vw, 640px\" \/><\/a><br \/>\n<em>Fran\u00e7oise au bandeau, Paris, 5 juillet 1946<\/em>, crayon graphite sur papier, d\u00e9tail.<\/p>\n","protected":false},"excerpt":{"rendered":"<p>Jeudi 11 janvier 2024, 17h, Centre Pompidou, Paris. Pablo Picasso, Fran\u00e7oise au bandeau, Paris, 5 juillet 1946, crayon graphite sur papier. Portrait de Fran\u00e7oise, Paris, 20 mai 1946, crayon graphite, crayon trois couleurs et fusain sur papier. Fran\u00e7oise au bandeau, Paris, 5 juillet 1946, crayon graphite, estompage et gommage sur papier. Mus\u00e9e national Picasso-Paris. Dation &hellip; <a href=\"https:\/\/jlggb.net\/blog9\/2024\/01\/11\/francoise-au-bandeau\/\" class=\"more-link\">Continuer la lecture de <span class=\"screen-reader-text\">Fran\u00e7oise au bandeau<\/span><\/a><\/p>\n","protected":false},"author":1,"featured_media":0,"comment_status":"closed","ping_status":"closed","sticky":false,"template":"","format":"standard","meta":{"footnotes":""},"categories":[15,43],"tags":[47,49,50],"class_list":["post-87","post","type-post","status-publish","format-standard","hentry","category-art","category-dessin","tag-47","tag-motif","tag-portrait"],"_links":{"self":[{"href":"https:\/\/jlggb.net\/blog9\/wp-json\/wp\/v2\/posts\/87","targetHints":{"allow":["GET"]}}],"collection":[{"href":"https:\/\/jlggb.net\/blog9\/wp-json\/wp\/v2\/posts"}],"about":[{"href":"https:\/\/jlggb.net\/blog9\/wp-json\/wp\/v2\/types\/post"}],"author":[{"embeddable":true,"href":"https:\/\/jlggb.net\/blog9\/wp-json\/wp\/v2\/users\/1"}],"replies":[{"embeddable":true,"href":"https:\/\/jlggb.net\/blog9\/wp-json\/wp\/v2\/comments?post=87"}],"version-history":[{"count":26,"href":"https:\/\/jlggb.net\/blog9\/wp-json\/wp\/v2\/posts\/87\/revisions"}],"predecessor-version":[{"id":119,"href":"https:\/\/jlggb.net\/blog9\/wp-json\/wp\/v2\/posts\/87\/revisions\/119"}],"wp:attachment":[{"href":"https:\/\/jlggb.net\/blog9\/wp-json\/wp\/v2\/media?parent=87"}],"wp:term":[{"taxonomy":"category","embeddable":true,"href":"https:\/\/jlggb.net\/blog9\/wp-json\/wp\/v2\/categories?post=87"},{"taxonomy":"post_tag","embeddable":true,"href":"https:\/\/jlggb.net\/blog9\/wp-json\/wp\/v2\/tags?post=87"}],"curies":[{"name":"wp","href":"https:\/\/api.w.org\/{rel}","templated":true}]}}