{"id":852,"date":"2024-05-26T00:33:25","date_gmt":"2024-05-25T22:33:25","guid":{"rendered":"https:\/\/jlggb.net\/blog9\/?p=852"},"modified":"2024-05-29T02:00:31","modified_gmt":"2024-05-29T00:00:31","slug":"comparaison","status":"publish","type":"post","link":"https:\/\/jlggb.net\/blog9\/2024\/05\/26\/comparaison\/","title":{"rendered":"Comparaison"},"content":{"rendered":"<p><a href=\"https:\/\/jlggb.net\/blog9\/wp-content\/uploads\/2024\/05\/peripherique_bagnolet_20240525b-scaled.jpg\" data-rel=\"lightbox-image-0\" data-imagelightbox=\"0\" data-rl_title=\"\" data-rl_caption=\"\" title=\"\"><img loading=\"lazy\" decoding=\"async\" src=\"https:\/\/jlggb.net\/blog9\/wp-content\/uploads\/2024\/05\/peripherique_bagnolet_20240525b-scaled.jpg\" alt=\"\" width=\"640\" height=\"480\" class=\"alignnone size-full wp-image-945\" srcset=\"https:\/\/jlggb.net\/blog9\/wp-content\/uploads\/2024\/05\/peripherique_bagnolet_20240525b-scaled.jpg 2560w, https:\/\/jlggb.net\/blog9\/wp-content\/uploads\/2024\/05\/peripherique_bagnolet_20240525b-300x225.jpg 300w, https:\/\/jlggb.net\/blog9\/wp-content\/uploads\/2024\/05\/peripherique_bagnolet_20240525b-768x576.jpg 768w, https:\/\/jlggb.net\/blog9\/wp-content\/uploads\/2024\/05\/peripherique_bagnolet_20240525b-1536x1152.jpg 1536w, https:\/\/jlggb.net\/blog9\/wp-content\/uploads\/2024\/05\/peripherique_bagnolet_20240525b-2048x1536.jpg 2048w, https:\/\/jlggb.net\/blog9\/wp-content\/uploads\/2024\/05\/peripherique_bagnolet_20240525b-150x113.jpg 150w\" sizes=\"auto, (max-width: 640px) 100vw, 640px\" \/><\/a><br \/>\nSamedi 25 mai 2024, 15h34, Boulevard p\u00e9riph\u00e9rique, bretelles de la Porte de Bagnolet et de l&rsquo;autoroute A3, Paris. Pour avoir souvent fr\u00e9quent\u00e9 en auto cet endroit, de 1970 \u00e0 2010, je vois d&rsquo;abord l&rsquo;exc\u00e8s. Aujourd&rsquo;hui, la nettet\u00e9 totale de la vue me fait comparer le sol et le ciel.<\/p>\n","protected":false},"excerpt":{"rendered":"<p>Samedi 25 mai 2024, 15h34, Boulevard p\u00e9riph\u00e9rique, bretelles de la Porte de Bagnolet et de l&rsquo;autoroute A3, Paris. Pour avoir souvent fr\u00e9quent\u00e9 en auto cet endroit, de 1970 \u00e0 2010, je vois d&rsquo;abord l&rsquo;exc\u00e8s. Aujourd&rsquo;hui, la nettet\u00e9 totale de la vue me fait comparer le sol et le ciel.<\/p>\n","protected":false},"author":1,"featured_media":0,"comment_status":"closed","ping_status":"closed","sticky":false,"template":"","format":"standard","meta":{"footnotes":""},"categories":[134,5,19],"tags":[189,183],"class_list":["post-852","post","type-post","status-publish","format-standard","hentry","category-circonstances","category-histoire","category-vue","tag-automobile","tag-nuage"],"_links":{"self":[{"href":"https:\/\/jlggb.net\/blog9\/wp-json\/wp\/v2\/posts\/852","targetHints":{"allow":["GET"]}}],"collection":[{"href":"https:\/\/jlggb.net\/blog9\/wp-json\/wp\/v2\/posts"}],"about":[{"href":"https:\/\/jlggb.net\/blog9\/wp-json\/wp\/v2\/types\/post"}],"author":[{"embeddable":true,"href":"https:\/\/jlggb.net\/blog9\/wp-json\/wp\/v2\/users\/1"}],"replies":[{"embeddable":true,"href":"https:\/\/jlggb.net\/blog9\/wp-json\/wp\/v2\/comments?post=852"}],"version-history":[{"count":6,"href":"https:\/\/jlggb.net\/blog9\/wp-json\/wp\/v2\/posts\/852\/revisions"}],"predecessor-version":[{"id":946,"href":"https:\/\/jlggb.net\/blog9\/wp-json\/wp\/v2\/posts\/852\/revisions\/946"}],"wp:attachment":[{"href":"https:\/\/jlggb.net\/blog9\/wp-json\/wp\/v2\/media?parent=852"}],"wp:term":[{"taxonomy":"category","embeddable":true,"href":"https:\/\/jlggb.net\/blog9\/wp-json\/wp\/v2\/categories?post=852"},{"taxonomy":"post_tag","embeddable":true,"href":"https:\/\/jlggb.net\/blog9\/wp-json\/wp\/v2\/tags?post=852"}],"curies":[{"name":"wp","href":"https:\/\/api.w.org\/{rel}","templated":true}]}}