{"id":793,"date":"2024-05-09T17:00:26","date_gmt":"2024-05-09T15:00:26","guid":{"rendered":"https:\/\/jlggb.net\/blog9\/?p=793"},"modified":"2025-07-15T01:20:01","modified_gmt":"2025-07-14T23:20:01","slug":"concretiser-la-vie-des-objets-ch-159","status":"publish","type":"post","link":"https:\/\/jlggb.net\/blog9\/2024\/05\/09\/concretiser-la-vie-des-objets-ch-159\/","title":{"rendered":"Concr\u00e9tiser (La vie des objets. Ch. 159)"},"content":{"rendered":"<p><a href=\"https:\/\/jlggb.net\/blog9\/wp-content\/uploads\/2024\/05\/stalag_1-scaled.jpg\" data-rel=\"lightbox-image-0\" data-imagelightbox=\"0\" data-rl_title=\"\" data-rl_caption=\"\" title=\"\"><img loading=\"lazy\" decoding=\"async\" class=\"alignnone size-full wp-image-796\" src=\"https:\/\/jlggb.net\/blog9\/wp-content\/uploads\/2024\/05\/stalag_1-scaled.jpg\" alt=\"\" width=\"640\" height=\"480\" srcset=\"https:\/\/jlggb.net\/blog9\/wp-content\/uploads\/2024\/05\/stalag_1-scaled.jpg 2560w, https:\/\/jlggb.net\/blog9\/wp-content\/uploads\/2024\/05\/stalag_1-300x225.jpg 300w, https:\/\/jlggb.net\/blog9\/wp-content\/uploads\/2024\/05\/stalag_1-768x576.jpg 768w, https:\/\/jlggb.net\/blog9\/wp-content\/uploads\/2024\/05\/stalag_1-1536x1152.jpg 1536w, https:\/\/jlggb.net\/blog9\/wp-content\/uploads\/2024\/05\/stalag_1-2048x1536.jpg 2048w, https:\/\/jlggb.net\/blog9\/wp-content\/uploads\/2024\/05\/stalag_1-150x113.jpg 150w\" sizes=\"auto, (max-width: 640px) 100vw, 640px\" \/><\/a><br \/>\n<a href=\"https:\/\/jlggb.net\/blog9\/wp-content\/uploads\/2024\/05\/stalag_2-scaled.jpg\" data-rel=\"lightbox-image-1\" data-imagelightbox=\"1\" data-rl_title=\"\" data-rl_caption=\"\" title=\"\"><img loading=\"lazy\" decoding=\"async\" class=\"alignnone size-full wp-image-797\" src=\"https:\/\/jlggb.net\/blog9\/wp-content\/uploads\/2024\/05\/stalag_2-scaled.jpg\" alt=\"\" width=\"640\" height=\"480\" srcset=\"https:\/\/jlggb.net\/blog9\/wp-content\/uploads\/2024\/05\/stalag_2-scaled.jpg 2560w, https:\/\/jlggb.net\/blog9\/wp-content\/uploads\/2024\/05\/stalag_2-300x225.jpg 300w, https:\/\/jlggb.net\/blog9\/wp-content\/uploads\/2024\/05\/stalag_2-768x576.jpg 768w, https:\/\/jlggb.net\/blog9\/wp-content\/uploads\/2024\/05\/stalag_2-1536x1152.jpg 1536w, https:\/\/jlggb.net\/blog9\/wp-content\/uploads\/2024\/05\/stalag_2-2048x1536.jpg 2048w, https:\/\/jlggb.net\/blog9\/wp-content\/uploads\/2024\/05\/stalag_2-150x113.jpg 150w\" sizes=\"auto, (max-width: 640px) 100vw, 640px\" \/><\/a><br \/>\n<a href=\"https:\/\/jlggb.net\/blog9\/wp-content\/uploads\/2024\/05\/stalag_3-scaled.jpg\" data-rel=\"lightbox-image-2\" data-imagelightbox=\"2\" data-rl_title=\"\" data-rl_caption=\"\" title=\"\"><img loading=\"lazy\" decoding=\"async\" class=\"alignnone size-full wp-image-795\" src=\"https:\/\/jlggb.net\/blog9\/wp-content\/uploads\/2024\/05\/stalag_3-scaled.jpg\" alt=\"\" width=\"640\" height=\"480\" srcset=\"https:\/\/jlggb.net\/blog9\/wp-content\/uploads\/2024\/05\/stalag_3-scaled.jpg 2560w, https:\/\/jlggb.net\/blog9\/wp-content\/uploads\/2024\/05\/stalag_3-300x225.jpg 300w, https:\/\/jlggb.net\/blog9\/wp-content\/uploads\/2024\/05\/stalag_3-768x576.jpg 768w, https:\/\/jlggb.net\/blog9\/wp-content\/uploads\/2024\/05\/stalag_3-1536x1152.jpg 1536w, https:\/\/jlggb.net\/blog9\/wp-content\/uploads\/2024\/05\/stalag_3-2048x1536.jpg 2048w, https:\/\/jlggb.net\/blog9\/wp-content\/uploads\/2024\/05\/stalag_3-150x113.jpg 150w\" sizes=\"auto, (max-width: 640px) 100vw, 640px\" \/><\/a><br \/>\n<a href=\"https:\/\/jlggb.net\/blog9\/wp-content\/uploads\/2024\/05\/1943-chevigneu-vendange-stalag-scaled.jpg\" data-rel=\"lightbox-image-3\" data-imagelightbox=\"3\" data-rl_title=\"\" data-rl_caption=\"\" title=\"\"><img loading=\"lazy\" decoding=\"async\" class=\"alignnone size-full wp-image-794\" src=\"https:\/\/jlggb.net\/blog9\/wp-content\/uploads\/2024\/05\/1943-chevigneu-vendange-stalag-scaled.jpg\" alt=\"\" width=\"640\" height=\"960\" srcset=\"https:\/\/jlggb.net\/blog9\/wp-content\/uploads\/2024\/05\/1943-chevigneu-vendange-stalag-scaled.jpg 1707w, https:\/\/jlggb.net\/blog9\/wp-content\/uploads\/2024\/05\/1943-chevigneu-vendange-stalag-200x300.jpg 200w, https:\/\/jlggb.net\/blog9\/wp-content\/uploads\/2024\/05\/1943-chevigneu-vendange-stalag-2000x3000.jpg 2000w, https:\/\/jlggb.net\/blog9\/wp-content\/uploads\/2024\/05\/1943-chevigneu-vendange-stalag-768x1152.jpg 768w, https:\/\/jlggb.net\/blog9\/wp-content\/uploads\/2024\/05\/1943-chevigneu-vendange-stalag-1024x1536.jpg 1024w, https:\/\/jlggb.net\/blog9\/wp-content\/uploads\/2024\/05\/1943-chevigneu-vendange-stalag-1365x2048.jpg 1365w, https:\/\/jlggb.net\/blog9\/wp-content\/uploads\/2024\/05\/1943-chevigneu-vendange-stalag-100x150.jpg 100w\" sizes=\"auto, (max-width: 640px) 100vw, 640px\" \/><\/a><br \/>\nJeudi 9 mai 2024, 17h, Aix-les-Bains. On examine comme rarement en quoi une photographie \u2014 l\u2019image, les mots \u2014 est un objet concret. Celle-ci a \u00e9t\u00e9 envoy\u00e9e \u00e0 l&rsquo;automne 1943 par Claudine Terrier \u00e0 Claude Terrier au Stalag XVII A, Autriche, puis rapport\u00e9e par lui \u00e0 Aix-les-Bains en mai 1945. Claudine est au centre avec sa fille Nicole, dans une sc\u00e8ne familiale de vendanges, \u00e0 Chevigneu, Chautagne, Savoie. Que chacune et chacun montre une grappe de raisin est sans doute le signe de la destination de l&rsquo;image.<\/p>\n<p>Voir le lieu&nbsp;: <a href=\"https:\/\/jlggb.net\/blog8\/2023\/04\/21\/vendange-destinee\/\">https:\/\/jlggb.net\/blog8\/2023\/04\/21\/vendange-destinee\/<\/a><br \/>\nVoir&nbsp;: <a href=\"https:\/\/jlggb.net\/blog9\/2025\/07\/12\/verifie\/\">https:\/\/jlggb.net\/blog9\/2025\/07\/12\/verifie\/<\/a><\/p>\n","protected":false},"excerpt":{"rendered":"<p>Jeudi 9 mai 2024, 17h, Aix-les-Bains. On examine comme rarement en quoi une photographie \u2014 l\u2019image, les mots \u2014 est un objet concret. Celle-ci a \u00e9t\u00e9 envoy\u00e9e \u00e0 l&rsquo;automne 1943 par Claudine Terrier \u00e0 Claude Terrier au Stalag XVII A, Autriche, puis rapport\u00e9e par lui \u00e0 Aix-les-Bains en mai 1945. Claudine est au centre avec &hellip; <a href=\"https:\/\/jlggb.net\/blog9\/2024\/05\/09\/concretiser-la-vie-des-objets-ch-159\/\" class=\"more-link\">Continuer la lecture de <span class=\"screen-reader-text\">Concr\u00e9tiser (La vie des objets. Ch. 159)<\/span><\/a><\/p>\n","protected":false},"author":1,"featured_media":0,"comment_status":"closed","ping_status":"closed","sticky":false,"template":"","format":"standard","meta":{"footnotes":""},"categories":[238,5,7,9,18],"tags":[35,181,182],"class_list":["post-793","post","type-post","status-publish","format-standard","hentry","category-viedesobjets","category-histoire","category-moment","category-objet","category-vie","tag-photo","tag-prisonnier","tag-vigne"],"_links":{"self":[{"href":"https:\/\/jlggb.net\/blog9\/wp-json\/wp\/v2\/posts\/793","targetHints":{"allow":["GET"]}}],"collection":[{"href":"https:\/\/jlggb.net\/blog9\/wp-json\/wp\/v2\/posts"}],"about":[{"href":"https:\/\/jlggb.net\/blog9\/wp-json\/wp\/v2\/types\/post"}],"author":[{"embeddable":true,"href":"https:\/\/jlggb.net\/blog9\/wp-json\/wp\/v2\/users\/1"}],"replies":[{"embeddable":true,"href":"https:\/\/jlggb.net\/blog9\/wp-json\/wp\/v2\/comments?post=793"}],"version-history":[{"count":7,"href":"https:\/\/jlggb.net\/blog9\/wp-json\/wp\/v2\/posts\/793\/revisions"}],"predecessor-version":[{"id":4247,"href":"https:\/\/jlggb.net\/blog9\/wp-json\/wp\/v2\/posts\/793\/revisions\/4247"}],"wp:attachment":[{"href":"https:\/\/jlggb.net\/blog9\/wp-json\/wp\/v2\/media?parent=793"}],"wp:term":[{"taxonomy":"category","embeddable":true,"href":"https:\/\/jlggb.net\/blog9\/wp-json\/wp\/v2\/categories?post=793"},{"taxonomy":"post_tag","embeddable":true,"href":"https:\/\/jlggb.net\/blog9\/wp-json\/wp\/v2\/tags?post=793"}],"curies":[{"name":"wp","href":"https:\/\/api.w.org\/{rel}","templated":true}]}}