{"id":709,"date":"2024-04-27T17:00:36","date_gmt":"2024-04-27T15:00:36","guid":{"rendered":"https:\/\/jlggb.net\/blog9\/?p=709"},"modified":"2024-04-30T09:05:55","modified_gmt":"2024-04-30T07:05:55","slug":"avec-une-abeille","status":"publish","type":"post","link":"https:\/\/jlggb.net\/blog9\/2024\/04\/27\/avec-une-abeille\/","title":{"rendered":"Avec une abeille"},"content":{"rendered":"<p><a href=\"https:\/\/jlggb.net\/blog9\/wp-content\/uploads\/2024\/04\/avec_abeille_20240428-scaled.jpg\" data-rel=\"lightbox-image-0\" data-imagelightbox=\"0\" data-rl_title=\"\" data-rl_caption=\"\" title=\"\"><img loading=\"lazy\" decoding=\"async\" src=\"https:\/\/jlggb.net\/blog9\/wp-content\/uploads\/2024\/04\/avec_abeille_20240428-scaled.jpg\" alt=\"\" width=\"640\" height=\"640\" class=\"alignnone size-full wp-image-710\" srcset=\"https:\/\/jlggb.net\/blog9\/wp-content\/uploads\/2024\/04\/avec_abeille_20240428-scaled.jpg 2560w, https:\/\/jlggb.net\/blog9\/wp-content\/uploads\/2024\/04\/avec_abeille_20240428-300x300.jpg 300w, https:\/\/jlggb.net\/blog9\/wp-content\/uploads\/2024\/04\/avec_abeille_20240428-150x150.jpg 150w, https:\/\/jlggb.net\/blog9\/wp-content\/uploads\/2024\/04\/avec_abeille_20240428-768x768.jpg 768w, https:\/\/jlggb.net\/blog9\/wp-content\/uploads\/2024\/04\/avec_abeille_20240428-1536x1536.jpg 1536w, https:\/\/jlggb.net\/blog9\/wp-content\/uploads\/2024\/04\/avec_abeille_20240428-2048x2048.jpg 2048w\" sizes=\"auto, (max-width: 640px) 100vw, 640px\" \/><\/a><br \/>\nSamedi 27 avril 2024, 17h, Aix-les-Bains. Le moment veut \u00e7a, l&rsquo;arbre de jud\u00e9e se pr\u00e9sente \u00e0 nouveau sur le chemin. Les fleurs sont un peu pass\u00e9es mais elles attirent d&rsquo;autant mieux les abeilles. Le professeur fran\u00e7ais num\u00e9ro un de photographie publie ce soir un semblable bouquet, tr\u00e8s \u00e9l\u00e9gant. Alors on va aussi sur Instagram. Voir 2021&nbsp;: <a href=\"http:\/\/jlggb.net\/blog7\/arbre-de-judee\/\">http:\/\/jlggb.net\/blog7\/arbre-de-judee\/<\/a><\/p>\n","protected":false},"excerpt":{"rendered":"<p>Samedi 27 avril 2024, 17h, Aix-les-Bains. Le moment veut \u00e7a, l&rsquo;arbre de jud\u00e9e se pr\u00e9sente \u00e0 nouveau sur le chemin. Les fleurs sont un peu pass\u00e9es mais elles attirent d&rsquo;autant mieux les abeilles. Le professeur fran\u00e7ais num\u00e9ro un de photographie publie ce soir un semblable bouquet, tr\u00e8s \u00e9l\u00e9gant. Alors on va aussi sur Instagram. Voir &hellip; <a href=\"https:\/\/jlggb.net\/blog9\/2024\/04\/27\/avec-une-abeille\/\" class=\"more-link\">Continuer la lecture de <span class=\"screen-reader-text\">Avec une abeille<\/span><\/a><\/p>\n","protected":false},"author":1,"featured_media":0,"comment_status":"closed","ping_status":"closed","sticky":false,"template":"","format":"standard","meta":{"footnotes":""},"categories":[10,7,18],"tags":[166,168,167],"class_list":["post-709","post","type-post","status-publish","format-standard","hentry","category-couleur","category-moment","category-vie","tag-abeille","tag-instagram","tag-juda"],"_links":{"self":[{"href":"https:\/\/jlggb.net\/blog9\/wp-json\/wp\/v2\/posts\/709","targetHints":{"allow":["GET"]}}],"collection":[{"href":"https:\/\/jlggb.net\/blog9\/wp-json\/wp\/v2\/posts"}],"about":[{"href":"https:\/\/jlggb.net\/blog9\/wp-json\/wp\/v2\/types\/post"}],"author":[{"embeddable":true,"href":"https:\/\/jlggb.net\/blog9\/wp-json\/wp\/v2\/users\/1"}],"replies":[{"embeddable":true,"href":"https:\/\/jlggb.net\/blog9\/wp-json\/wp\/v2\/comments?post=709"}],"version-history":[{"count":3,"href":"https:\/\/jlggb.net\/blog9\/wp-json\/wp\/v2\/posts\/709\/revisions"}],"predecessor-version":[{"id":713,"href":"https:\/\/jlggb.net\/blog9\/wp-json\/wp\/v2\/posts\/709\/revisions\/713"}],"wp:attachment":[{"href":"https:\/\/jlggb.net\/blog9\/wp-json\/wp\/v2\/media?parent=709"}],"wp:term":[{"taxonomy":"category","embeddable":true,"href":"https:\/\/jlggb.net\/blog9\/wp-json\/wp\/v2\/categories?post=709"},{"taxonomy":"post_tag","embeddable":true,"href":"https:\/\/jlggb.net\/blog9\/wp-json\/wp\/v2\/tags?post=709"}],"curies":[{"name":"wp","href":"https:\/\/api.w.org\/{rel}","templated":true}]}}