{"id":638,"date":"2024-04-10T16:30:44","date_gmt":"2024-04-10T14:30:44","guid":{"rendered":"https:\/\/jlggb.net\/blog9\/?p=638"},"modified":"2024-06-14T22:33:18","modified_gmt":"2024-06-14T20:33:18","slug":"un-fauteuil","status":"publish","type":"post","link":"https:\/\/jlggb.net\/blog9\/2024\/04\/10\/un-fauteuil\/","title":{"rendered":"Appara\u00eetre (La vie des objets. Ch. 156)"},"content":{"rendered":"<p><a href=\"https:\/\/jlggb.net\/blog9\/wp-content\/uploads\/2024\/04\/fauteuil_suedois_seul_20240410-scaled.jpg\" data-rel=\"lightbox-image-0\" data-imagelightbox=\"0\" data-rl_title=\"\" data-rl_caption=\"\" title=\"\"><img loading=\"lazy\" decoding=\"async\" src=\"https:\/\/jlggb.net\/blog9\/wp-content\/uploads\/2024\/04\/fauteuil_suedois_seul_20240410-scaled.jpg\" alt=\"\" width=\"640\" height=\"480\" class=\"alignnone size-full wp-image-646\" srcset=\"https:\/\/jlggb.net\/blog9\/wp-content\/uploads\/2024\/04\/fauteuil_suedois_seul_20240410-scaled.jpg 2560w, https:\/\/jlggb.net\/blog9\/wp-content\/uploads\/2024\/04\/fauteuil_suedois_seul_20240410-300x225.jpg 300w, https:\/\/jlggb.net\/blog9\/wp-content\/uploads\/2024\/04\/fauteuil_suedois_seul_20240410-768x576.jpg 768w, https:\/\/jlggb.net\/blog9\/wp-content\/uploads\/2024\/04\/fauteuil_suedois_seul_20240410-1536x1152.jpg 1536w, https:\/\/jlggb.net\/blog9\/wp-content\/uploads\/2024\/04\/fauteuil_suedois_seul_20240410-2048x1536.jpg 2048w, https:\/\/jlggb.net\/blog9\/wp-content\/uploads\/2024\/04\/fauteuil_suedois_seul_20240410-150x113.jpg 150w\" sizes=\"auto, (max-width: 640px) 100vw, 640px\" \/><\/a><br \/>\nMercredi 10 avril 2024, 16h30, Institut su\u00e9dois, Paris, 4e. Il s&rsquo;agissait de voir une exposition, mais elle se montre peu int\u00e9ressante. Dans le salon, des fauteuils apparaissent, comme des Ikea qui seraient brillants. La reconnaissance visuelle dans le iPhone par Google parle d&rsquo;abord d&rsquo;une fabrication danoise. Mais la notori\u00e9t\u00e9 de Bruno Mathsson, fils d&rsquo;\u00e9b\u00e9niste \u00e0 V\u00e4rnamo, sur la route de J\u00f6nk\u00f6ping (j&rsquo;y passe en 1963), s&rsquo;impose avec Wikipedia&nbsp;: \u00ab D\u00e8s 1931, il dessine pour un h\u00f4pital su\u00e9dois sa premi\u00e8re chaise \u00e0 sangles, ces meubles ergonomiques qui allaient devenir mondialement c\u00e9l\u00e8bres. Surnomm\u00e9e &lsquo;sauterelle&rsquo; par le personnel du fait de sa ressemblance avec l&rsquo;insecte, cette premi\u00e8re chaise, trop en avance sur son temps, a d&rsquo;abord \u00e9t\u00e9 remis\u00e9e quelque temps \u00e0 la cave avant de ressurgir.\u00a0\u00bb La fa\u00e7on de bois courb\u00e9 est expos\u00e9e \u00e0 l&rsquo;Exposition universelle de Paris 1937. La chaise Eva, <em>Work Chair<\/em>, est achet\u00e9e pour les espaces publics du MoMA en 1939. Celle-ci est sans doute rest\u00e9e de la r\u00e9trospective qui a eu lieu ici en 2006. Son apparition se poursuit lorsqu&rsquo;elle appelle \u00e0 \u00eatre \u00e9cart\u00e9e de la table encombr\u00e9e de revues et de livre pour \u00eatre prise sur un fond noir en montrant ses bras souples et vigoureux. L&rsquo;IA Firefly de Photoshop intervient pour \u00e7a, r\u00e9pare quelques petits accidents du bois, nettoie le plancher.<\/p>\n","protected":false},"excerpt":{"rendered":"<p>Mercredi 10 avril 2024, 16h30, Institut su\u00e9dois, Paris, 4e. Il s&rsquo;agissait de voir une exposition, mais elle se montre peu int\u00e9ressante. Dans le salon, des fauteuils apparaissent, comme des Ikea qui seraient brillants. La reconnaissance visuelle dans le iPhone par Google parle d&rsquo;abord d&rsquo;une fabrication danoise. Mais la notori\u00e9t\u00e9 de Bruno Mathsson, fils d&rsquo;\u00e9b\u00e9niste \u00e0 &hellip; <a href=\"https:\/\/jlggb.net\/blog9\/2024\/04\/10\/un-fauteuil\/\" class=\"more-link\">Continuer la lecture de <span class=\"screen-reader-text\">Appara\u00eetre (La vie des objets. Ch. 156)<\/span><\/a><\/p>\n","protected":false},"author":1,"featured_media":0,"comment_status":"closed","ping_status":"closed","sticky":false,"template":"","format":"standard","meta":{"footnotes":""},"categories":[238,95,12,5,9],"tags":[153,155,154],"class_list":["post-638","post","type-post","status-publish","format-standard","hentry","category-viedesobjets","category-artisanat","category-connaissance","category-histoire","category-objet","tag-bouleau","tag-fauteuil","tag-suede"],"_links":{"self":[{"href":"https:\/\/jlggb.net\/blog9\/wp-json\/wp\/v2\/posts\/638","targetHints":{"allow":["GET"]}}],"collection":[{"href":"https:\/\/jlggb.net\/blog9\/wp-json\/wp\/v2\/posts"}],"about":[{"href":"https:\/\/jlggb.net\/blog9\/wp-json\/wp\/v2\/types\/post"}],"author":[{"embeddable":true,"href":"https:\/\/jlggb.net\/blog9\/wp-json\/wp\/v2\/users\/1"}],"replies":[{"embeddable":true,"href":"https:\/\/jlggb.net\/blog9\/wp-json\/wp\/v2\/comments?post=638"}],"version-history":[{"count":15,"href":"https:\/\/jlggb.net\/blog9\/wp-json\/wp\/v2\/posts\/638\/revisions"}],"predecessor-version":[{"id":675,"href":"https:\/\/jlggb.net\/blog9\/wp-json\/wp\/v2\/posts\/638\/revisions\/675"}],"wp:attachment":[{"href":"https:\/\/jlggb.net\/blog9\/wp-json\/wp\/v2\/media?parent=638"}],"wp:term":[{"taxonomy":"category","embeddable":true,"href":"https:\/\/jlggb.net\/blog9\/wp-json\/wp\/v2\/categories?post=638"},{"taxonomy":"post_tag","embeddable":true,"href":"https:\/\/jlggb.net\/blog9\/wp-json\/wp\/v2\/tags?post=638"}],"curies":[{"name":"wp","href":"https:\/\/api.w.org\/{rel}","templated":true}]}}