{"id":5224,"date":"2025-11-18T21:00:48","date_gmt":"2025-11-18T20:00:48","guid":{"rendered":"https:\/\/jlggb.net\/blog9\/?p=5224"},"modified":"2026-03-19T18:47:23","modified_gmt":"2026-03-19T17:47:23","slug":"5224","status":"publish","type":"post","link":"https:\/\/jlggb.net\/blog9\/2025\/11\/18\/5224\/","title":{"rendered":"Le monument \u00e0 Jean Moulin"},"content":{"rendered":"<p><a href=\"https:\/\/jlggb.net\/blog9\/wp-content\/uploads\/2025\/11\/monument_jeanmoulin_20251118-scaled.jpg\" data-rel=\"lightbox-image-0\" data-imagelightbox=\"0\" data-rl_title=\"\" data-rl_caption=\"\" title=\"\"><img loading=\"lazy\" decoding=\"async\" src=\"https:\/\/jlggb.net\/blog9\/wp-content\/uploads\/2025\/11\/monument_jeanmoulin_20251118-scaled.jpg\" alt=\"\" width=\"1920\" height=\"2560\" class=\"alignnone size-full wp-image-5238\" srcset=\"https:\/\/jlggb.net\/blog9\/wp-content\/uploads\/2025\/11\/monument_jeanmoulin_20251118-scaled.jpg 1920w, https:\/\/jlggb.net\/blog9\/wp-content\/uploads\/2025\/11\/monument_jeanmoulin_20251118-225x300.jpg 225w, https:\/\/jlggb.net\/blog9\/wp-content\/uploads\/2025\/11\/monument_jeanmoulin_20251118-768x1024.jpg 768w, https:\/\/jlggb.net\/blog9\/wp-content\/uploads\/2025\/11\/monument_jeanmoulin_20251118-1152x1536.jpg 1152w, https:\/\/jlggb.net\/blog9\/wp-content\/uploads\/2025\/11\/monument_jeanmoulin_20251118-1536x2048.jpg 1536w\" sizes=\"auto, (max-width: 1920px) 100vw, 1920px\" \/><\/a><br \/>\nMardi 18 novembre 2025, 21h, square Jean Moulin, Aix-les-Bains. En 1948, un monument est cr\u00e9\u00e9 avec les noms des r\u00e9sistants morts. En 1966, la ville choisit le sculpteur Marcel Mayer pour qu&rsquo;il le transforme en un monument c\u00e9l\u00e9brant \u00ab Jean Moulin et ses fr\u00e8res de combat\u00a0\u00bb. Apr\u00e8s avoir \u00e9t\u00e9 d&rsquo;abord refus\u00e9 par la Commission centrale des monuments comm\u00e9moratifs, il est finalement \u00e9difi\u00e9 en 1969. Il a une singularit\u00e9 surprenante&nbsp;: il figure, comme \u00e9cras\u00e9 par le h\u00e9ros, les ennemis et leurs crimes.<\/p>\n","protected":false},"excerpt":{"rendered":"<p>Mardi 18 novembre 2025, 21h, square Jean Moulin, Aix-les-Bains. En 1948, un monument est cr\u00e9\u00e9 avec les noms des r\u00e9sistants morts. En 1966, la ville choisit le sculpteur Marcel Mayer pour qu&rsquo;il le transforme en un monument c\u00e9l\u00e9brant \u00ab Jean Moulin et ses fr\u00e8res de combat\u00a0\u00bb. Apr\u00e8s avoir \u00e9t\u00e9 d&rsquo;abord refus\u00e9 par la Commission centrale &hellip; <a href=\"https:\/\/jlggb.net\/blog9\/2025\/11\/18\/5224\/\" class=\"more-link\">Continuer la lecture de <span class=\"screen-reader-text\">Le monument \u00e0 Jean Moulin<\/span><\/a><\/p>\n","protected":false},"author":1,"featured_media":0,"comment_status":"closed","ping_status":"closed","sticky":false,"template":"","format":"standard","meta":{"footnotes":""},"categories":[15,5],"tags":[200,681,216,682],"class_list":["post-5224","post","type-post","status-publish","format-standard","hentry","category-art","category-histoire","tag-bronze","tag-granit","tag-monument","tag-resistance"],"_links":{"self":[{"href":"https:\/\/jlggb.net\/blog9\/wp-json\/wp\/v2\/posts\/5224","targetHints":{"allow":["GET"]}}],"collection":[{"href":"https:\/\/jlggb.net\/blog9\/wp-json\/wp\/v2\/posts"}],"about":[{"href":"https:\/\/jlggb.net\/blog9\/wp-json\/wp\/v2\/types\/post"}],"author":[{"embeddable":true,"href":"https:\/\/jlggb.net\/blog9\/wp-json\/wp\/v2\/users\/1"}],"replies":[{"embeddable":true,"href":"https:\/\/jlggb.net\/blog9\/wp-json\/wp\/v2\/comments?post=5224"}],"version-history":[{"count":16,"href":"https:\/\/jlggb.net\/blog9\/wp-json\/wp\/v2\/posts\/5224\/revisions"}],"predecessor-version":[{"id":5355,"href":"https:\/\/jlggb.net\/blog9\/wp-json\/wp\/v2\/posts\/5224\/revisions\/5355"}],"wp:attachment":[{"href":"https:\/\/jlggb.net\/blog9\/wp-json\/wp\/v2\/media?parent=5224"}],"wp:term":[{"taxonomy":"category","embeddable":true,"href":"https:\/\/jlggb.net\/blog9\/wp-json\/wp\/v2\/categories?post=5224"},{"taxonomy":"post_tag","embeddable":true,"href":"https:\/\/jlggb.net\/blog9\/wp-json\/wp\/v2\/tags?post=5224"}],"curies":[{"name":"wp","href":"https:\/\/api.w.org\/{rel}","templated":true}]}}