{"id":5205,"date":"2025-11-15T13:00:10","date_gmt":"2025-11-15T12:00:10","guid":{"rendered":"https:\/\/jlggb.net\/blog9\/?p=5205"},"modified":"2025-11-16T21:49:17","modified_gmt":"2025-11-16T20:49:17","slug":"rochers-a-maree-basse","status":"publish","type":"post","link":"https:\/\/jlggb.net\/blog9\/2025\/11\/15\/rochers-a-maree-basse\/","title":{"rendered":"Rochers \u00e0 mar\u00e9e basse"},"content":{"rendered":"<p><a href=\"https:\/\/jlggb.net\/blog9\/wp-content\/uploads\/2025\/11\/vallotton_rochers_20251115-scaled.jpg\" data-rel=\"lightbox-image-0\" data-imagelightbox=\"0\" data-rl_title=\"\" data-rl_caption=\"\" title=\"\"><img loading=\"lazy\" decoding=\"async\" src=\"https:\/\/jlggb.net\/blog9\/wp-content\/uploads\/2025\/11\/vallotton_rochers_20251115-scaled.jpg\" alt=\"\" width=\"1852\" height=\"2560\" class=\"alignnone size-full wp-image-5206\" srcset=\"https:\/\/jlggb.net\/blog9\/wp-content\/uploads\/2025\/11\/vallotton_rochers_20251115-scaled.jpg 1852w, https:\/\/jlggb.net\/blog9\/wp-content\/uploads\/2025\/11\/vallotton_rochers_20251115-217x300.jpg 217w, https:\/\/jlggb.net\/blog9\/wp-content\/uploads\/2025\/11\/vallotton_rochers_20251115-768x1061.jpg 768w, https:\/\/jlggb.net\/blog9\/wp-content\/uploads\/2025\/11\/vallotton_rochers_20251115-1111x1536.jpg 1111w, https:\/\/jlggb.net\/blog9\/wp-content\/uploads\/2025\/11\/vallotton_rochers_20251115-1482x2048.jpg 1482w\" sizes=\"auto, (max-width: 1852px) 100vw, 1852px\" \/><\/a><br \/>\nSamedi 15 novembre 2025, 13h, Lausanne. F\u00e9lix Vallotton, Rochers \u00e0 mar\u00e9e basse, 1917, huile sur toile, dans l\u2019exposition \u00ab Vallotton Forever \u00bb, Mus\u00e9e cantonal des Beaux-Arts. Une parent\u00e9 vient \u00e0 l&rsquo;esprit, <em>Ravin<\/em>, 1979, de Philip Guston.<br \/>\nVoir&nbsp;: <a href=\"https:\/\/jlggb.net\/blog9\/2025\/06\/06\/ravin\/\">https:\/\/jlggb.net\/blog9\/2025\/06\/06\/ravin\/<\/a><\/p>\n","protected":false},"excerpt":{"rendered":"<p>Samedi 15 novembre 2025, 13h, Lausanne. F\u00e9lix Vallotton, Rochers \u00e0 mar\u00e9e basse, 1917, huile sur toile, dans l\u2019exposition \u00ab Vallotton Forever \u00bb, Mus\u00e9e cantonal des Beaux-Arts. Une parent\u00e9 vient \u00e0 l&rsquo;esprit, Ravin, 1979, de Philip Guston. Voir&nbsp;: https:\/\/jlggb.net\/blog9\/2025\/06\/06\/ravin\/<\/p>\n","protected":false},"author":1,"featured_media":0,"comment_status":"closed","ping_status":"closed","sticky":false,"template":"","format":"standard","meta":{"footnotes":""},"categories":[15,10,323,19],"tags":[78,93,677],"class_list":["post-5205","post","type-post","status-publish","format-standard","hentry","category-art","category-couleur","category-nature","category-vue","tag-mer","tag-peinture","tag-vallotton"],"_links":{"self":[{"href":"https:\/\/jlggb.net\/blog9\/wp-json\/wp\/v2\/posts\/5205","targetHints":{"allow":["GET"]}}],"collection":[{"href":"https:\/\/jlggb.net\/blog9\/wp-json\/wp\/v2\/posts"}],"about":[{"href":"https:\/\/jlggb.net\/blog9\/wp-json\/wp\/v2\/types\/post"}],"author":[{"embeddable":true,"href":"https:\/\/jlggb.net\/blog9\/wp-json\/wp\/v2\/users\/1"}],"replies":[{"embeddable":true,"href":"https:\/\/jlggb.net\/blog9\/wp-json\/wp\/v2\/comments?post=5205"}],"version-history":[{"count":6,"href":"https:\/\/jlggb.net\/blog9\/wp-json\/wp\/v2\/posts\/5205\/revisions"}],"predecessor-version":[{"id":5214,"href":"https:\/\/jlggb.net\/blog9\/wp-json\/wp\/v2\/posts\/5205\/revisions\/5214"}],"wp:attachment":[{"href":"https:\/\/jlggb.net\/blog9\/wp-json\/wp\/v2\/media?parent=5205"}],"wp:term":[{"taxonomy":"category","embeddable":true,"href":"https:\/\/jlggb.net\/blog9\/wp-json\/wp\/v2\/categories?post=5205"},{"taxonomy":"post_tag","embeddable":true,"href":"https:\/\/jlggb.net\/blog9\/wp-json\/wp\/v2\/tags?post=5205"}],"curies":[{"name":"wp","href":"https:\/\/api.w.org\/{rel}","templated":true}]}}