{"id":5112,"date":"2025-02-06T16:30:35","date_gmt":"2025-02-06T15:30:35","guid":{"rendered":"https:\/\/jlggb.net\/blog9\/?p=5112"},"modified":"2025-11-09T00:58:05","modified_gmt":"2025-11-08T23:58:05","slug":"5112","status":"publish","type":"post","link":"https:\/\/jlggb.net\/blog9\/2025\/02\/06\/5112\/","title":{"rendered":"Vase \u00e0 fleurs en gr\u00e8s"},"content":{"rendered":"<p><a href=\"https:\/\/jlggb.net\/blog9\/wp-content\/uploads\/2025\/11\/osaka_musee_bizen_20250206_16h30-scaled.jpeg\" data-rel=\"lightbox-image-0\" data-imagelightbox=\"0\" data-rl_title=\"\" data-rl_caption=\"\" title=\"\"><img loading=\"lazy\" decoding=\"async\" src=\"https:\/\/jlggb.net\/blog9\/wp-content\/uploads\/2025\/11\/osaka_musee_bizen_20250206_16h30-scaled.jpeg\" alt=\"\" width=\"1920\" height=\"2560\" class=\"alignnone size-full wp-image-5113\" srcset=\"https:\/\/jlggb.net\/blog9\/wp-content\/uploads\/2025\/11\/osaka_musee_bizen_20250206_16h30-scaled.jpeg 1920w, https:\/\/jlggb.net\/blog9\/wp-content\/uploads\/2025\/11\/osaka_musee_bizen_20250206_16h30-225x300.jpeg 225w, https:\/\/jlggb.net\/blog9\/wp-content\/uploads\/2025\/11\/osaka_musee_bizen_20250206_16h30-768x1024.jpeg 768w, https:\/\/jlggb.net\/blog9\/wp-content\/uploads\/2025\/11\/osaka_musee_bizen_20250206_16h30-1152x1536.jpeg 1152w, https:\/\/jlggb.net\/blog9\/wp-content\/uploads\/2025\/11\/osaka_musee_bizen_20250206_16h30-1536x2048.jpeg 1536w\" sizes=\"auto, (max-width: 1920px) 100vw, 1920px\" \/><\/a><br \/>\nJeudi 6 f\u00e9vrier 2025, 16h30, Mus\u00e9e des c\u00e9ramiques orientales, Osaka. \u00c0 Bizen, la c\u00e9ramique a commenc\u00e9 au 12e si\u00e8cle. Au 16e si\u00e8cle, son aspect brut a plu aux praticiens de la c\u00e9r\u00e9monie du th\u00e9 et il fut \u00e9tendu \u00e0 divers r\u00e9cipients, comme ce vase \u00e0 fleurs, de la premi\u00e8re moiti\u00e9 du 17e si\u00e8cle.<\/p>\n","protected":false},"excerpt":{"rendered":"<p>Jeudi 6 f\u00e9vrier 2025, 16h30, Mus\u00e9e des c\u00e9ramiques orientales, Osaka. \u00c0 Bizen, la c\u00e9ramique a commenc\u00e9 au 12e si\u00e8cle. Au 16e si\u00e8cle, son aspect brut a plu aux praticiens de la c\u00e9r\u00e9monie du th\u00e9 et il fut \u00e9tendu \u00e0 divers r\u00e9cipients, comme ce vase \u00e0 fleurs, de la premi\u00e8re moiti\u00e9 du 17e si\u00e8cle.<\/p>\n","protected":false},"author":1,"featured_media":0,"comment_status":"closed","ping_status":"closed","sticky":false,"template":"","format":"standard","meta":{"footnotes":""},"categories":[363,95,54],"tags":[670,669,402],"class_list":["post-5112","post","type-post","status-publish","format-standard","hentry","category-japon","category-artisanat","category-collection","tag-bizen","tag-gres","tag-poterie"],"_links":{"self":[{"href":"https:\/\/jlggb.net\/blog9\/wp-json\/wp\/v2\/posts\/5112","targetHints":{"allow":["GET"]}}],"collection":[{"href":"https:\/\/jlggb.net\/blog9\/wp-json\/wp\/v2\/posts"}],"about":[{"href":"https:\/\/jlggb.net\/blog9\/wp-json\/wp\/v2\/types\/post"}],"author":[{"embeddable":true,"href":"https:\/\/jlggb.net\/blog9\/wp-json\/wp\/v2\/users\/1"}],"replies":[{"embeddable":true,"href":"https:\/\/jlggb.net\/blog9\/wp-json\/wp\/v2\/comments?post=5112"}],"version-history":[{"count":5,"href":"https:\/\/jlggb.net\/blog9\/wp-json\/wp\/v2\/posts\/5112\/revisions"}],"predecessor-version":[{"id":5119,"href":"https:\/\/jlggb.net\/blog9\/wp-json\/wp\/v2\/posts\/5112\/revisions\/5119"}],"wp:attachment":[{"href":"https:\/\/jlggb.net\/blog9\/wp-json\/wp\/v2\/media?parent=5112"}],"wp:term":[{"taxonomy":"category","embeddable":true,"href":"https:\/\/jlggb.net\/blog9\/wp-json\/wp\/v2\/categories?post=5112"},{"taxonomy":"post_tag","embeddable":true,"href":"https:\/\/jlggb.net\/blog9\/wp-json\/wp\/v2\/tags?post=5112"}],"curies":[{"name":"wp","href":"https:\/\/api.w.org\/{rel}","templated":true}]}}