{"id":4985,"date":"2025-11-02T15:30:22","date_gmt":"2025-11-02T14:30:22","guid":{"rendered":"https:\/\/jlggb.net\/blog9\/?p=4985"},"modified":"2025-11-03T11:14:27","modified_gmt":"2025-11-03T10:14:27","slug":"melvin-edwards","status":"publish","type":"post","link":"https:\/\/jlggb.net\/blog9\/2025\/11\/02\/melvin-edwards\/","title":{"rendered":"Melvin Edwards"},"content":{"rendered":"<p><a href=\"https:\/\/jlggb.net\/blog9\/wp-content\/uploads\/2025\/11\/melvin_edwards_agricole_20251102-scaled.jpg\" data-rel=\"lightbox-image-0\" data-imagelightbox=\"0\" data-rl_title=\"\" data-rl_caption=\"\" title=\"\"><img loading=\"lazy\" decoding=\"async\" src=\"https:\/\/jlggb.net\/blog9\/wp-content\/uploads\/2025\/11\/melvin_edwards_agricole_20251102-scaled.jpg\" alt=\"\" width=\"1920\" height=\"2560\" class=\"alignnone size-full wp-image-4996\" srcset=\"https:\/\/jlggb.net\/blog9\/wp-content\/uploads\/2025\/11\/melvin_edwards_agricole_20251102-scaled.jpg 1920w, https:\/\/jlggb.net\/blog9\/wp-content\/uploads\/2025\/11\/melvin_edwards_agricole_20251102-225x300.jpg 225w, https:\/\/jlggb.net\/blog9\/wp-content\/uploads\/2025\/11\/melvin_edwards_agricole_20251102-768x1024.jpg 768w, https:\/\/jlggb.net\/blog9\/wp-content\/uploads\/2025\/11\/melvin_edwards_agricole_20251102-1152x1536.jpg 1152w, https:\/\/jlggb.net\/blog9\/wp-content\/uploads\/2025\/11\/melvin_edwards_agricole_20251102-1536x2048.jpg 1536w\" sizes=\"auto, (max-width: 1920px) 100vw, 1920px\" \/><\/a><br \/>\nDimanche 2 novembre 2025, 15h30, Palais de Tokyo, Paris. En compl\u00e9ment de l&rsquo;exposition \u00ab&nbsp;Echo Delay Reverb&nbsp;: art am\u00e9ricain, pens\u00e9es francophones&nbsp;\u00bb, l&rsquo;exposition de Melvin Edwards montre ses sculptures d&rsquo;acier. <em>Agricole<\/em>, 2016, \u00ab&nbsp;s&rsquo;int\u00e9resse aux liens entre les outils du monde rural et l&rsquo;histoire de l&rsquo;esclavage.&nbsp;\u00bb La figure du soc et du versoir de la charrue \u00e9veille chez moi une image d&rsquo;enfance concr\u00e8te, \u00e0 la fois de jeu et de travail.<\/p>\n","protected":false},"excerpt":{"rendered":"<p>Dimanche 2 novembre 2025, 15h30, Palais de Tokyo, Paris. En compl\u00e9ment de l&rsquo;exposition \u00ab&nbsp;Echo Delay Reverb&nbsp;: art am\u00e9ricain, pens\u00e9es francophones&nbsp;\u00bb, l&rsquo;exposition de Melvin Edwards montre ses sculptures d&rsquo;acier. Agricole, 2016, \u00ab&nbsp;s&rsquo;int\u00e9resse aux liens entre les outils du monde rural et l&rsquo;histoire de l&rsquo;esclavage.&nbsp;\u00bb La figure du soc et du versoir de la charrue \u00e9veille chez &hellip; <a href=\"https:\/\/jlggb.net\/blog9\/2025\/11\/02\/melvin-edwards\/\" class=\"more-link\">Continuer la lecture de <span class=\"screen-reader-text\">Melvin Edwards<\/span><\/a><\/p>\n","protected":false},"author":1,"featured_media":0,"comment_status":"closed","ping_status":"closed","sticky":false,"template":"","format":"standard","meta":{"footnotes":""},"categories":[15,134,12],"tags":[187,114,656,657],"class_list":["post-4985","post","type-post","status-publish","format-standard","hentry","category-art","category-circonstances","category-connaissance","tag-acier","tag-chaine","tag-charrue","tag-sculpteur"],"_links":{"self":[{"href":"https:\/\/jlggb.net\/blog9\/wp-json\/wp\/v2\/posts\/4985","targetHints":{"allow":["GET"]}}],"collection":[{"href":"https:\/\/jlggb.net\/blog9\/wp-json\/wp\/v2\/posts"}],"about":[{"href":"https:\/\/jlggb.net\/blog9\/wp-json\/wp\/v2\/types\/post"}],"author":[{"embeddable":true,"href":"https:\/\/jlggb.net\/blog9\/wp-json\/wp\/v2\/users\/1"}],"replies":[{"embeddable":true,"href":"https:\/\/jlggb.net\/blog9\/wp-json\/wp\/v2\/comments?post=4985"}],"version-history":[{"count":10,"href":"https:\/\/jlggb.net\/blog9\/wp-json\/wp\/v2\/posts\/4985\/revisions"}],"predecessor-version":[{"id":5000,"href":"https:\/\/jlggb.net\/blog9\/wp-json\/wp\/v2\/posts\/4985\/revisions\/5000"}],"wp:attachment":[{"href":"https:\/\/jlggb.net\/blog9\/wp-json\/wp\/v2\/media?parent=4985"}],"wp:term":[{"taxonomy":"category","embeddable":true,"href":"https:\/\/jlggb.net\/blog9\/wp-json\/wp\/v2\/categories?post=4985"},{"taxonomy":"post_tag","embeddable":true,"href":"https:\/\/jlggb.net\/blog9\/wp-json\/wp\/v2\/tags?post=4985"}],"curies":[{"name":"wp","href":"https:\/\/api.w.org\/{rel}","templated":true}]}}