{"id":4733,"date":"2025-09-20T17:58:52","date_gmt":"2025-09-20T15:58:52","guid":{"rendered":"https:\/\/jlggb.net\/blog9\/?p=4733"},"modified":"2025-12-21T21:32:56","modified_gmt":"2025-12-21T20:32:56","slug":"la-rentree-la-vie-des-objets-ch-199","status":"publish","type":"post","link":"https:\/\/jlggb.net\/blog9\/2025\/09\/20\/la-rentree-la-vie-des-objets-ch-199\/","title":{"rendered":"La rentr\u00e9e (La vie des objets. Ch. 199)"},"content":{"rendered":"<p><a href=\"https:\/\/jlggb.net\/blog9\/wp-content\/uploads\/2025\/09\/marrons_nation_20250921-scaled.jpg\" data-rel=\"lightbox-image-0\" data-imagelightbox=\"0\" data-rl_title=\"\" data-rl_caption=\"\" title=\"\"><img loading=\"lazy\" decoding=\"async\" class=\"alignnone size-full wp-image-4735\" src=\"https:\/\/jlggb.net\/blog9\/wp-content\/uploads\/2025\/09\/marrons_nation_20250921-scaled.jpg\" alt=\"\" width=\"2560\" height=\"2560\" srcset=\"https:\/\/jlggb.net\/blog9\/wp-content\/uploads\/2025\/09\/marrons_nation_20250921-scaled.jpg 2560w, https:\/\/jlggb.net\/blog9\/wp-content\/uploads\/2025\/09\/marrons_nation_20250921-300x300.jpg 300w, https:\/\/jlggb.net\/blog9\/wp-content\/uploads\/2025\/09\/marrons_nation_20250921-150x150.jpg 150w, https:\/\/jlggb.net\/blog9\/wp-content\/uploads\/2025\/09\/marrons_nation_20250921-768x768.jpg 768w, https:\/\/jlggb.net\/blog9\/wp-content\/uploads\/2025\/09\/marrons_nation_20250921-1536x1536.jpg 1536w, https:\/\/jlggb.net\/blog9\/wp-content\/uploads\/2025\/09\/marrons_nation_20250921-2048x2048.jpg 2048w\" sizes=\"auto, (max-width: 2560px) 100vw, 2560px\" \/><\/a><br \/>\nSamedi 20 septembre 2025, 18h, Paris, 11e. \u00ab Oh, des ch\u00e2taignes&nbsp;! \u00bb. Sa m\u00e8re&nbsp;: \u00ab C&rsquo;est des marrons&nbsp;! \u00bb. Le \u00ab marronnier \u00bb est \u00e0 la fois le signal de leur apparition et la r\u00e9p\u00e9tition d&rsquo;une distinction&nbsp;: des esp\u00e8ces fort diff\u00e9rentes, un arbre r\u00e9pandu dans les for\u00eats, un arbre pour orner les villes, un fruit et une graine, etc. Ce sont bel et bien des ann\u00e9es d&rsquo;\u00e9colier, des rentr\u00e9es, des le\u00e7ons de choses qui se collectent ici, place de la Nation.<\/p>\n","protected":false},"excerpt":{"rendered":"<p>Samedi 20 septembre 2025, 18h, Paris, 11e. \u00ab Oh, des ch\u00e2taignes&nbsp;! \u00bb. Sa m\u00e8re&nbsp;: \u00ab C&rsquo;est des marrons&nbsp;! \u00bb. Le \u00ab marronnier \u00bb est \u00e0 la fois le signal de leur apparition et la r\u00e9p\u00e9tition d&rsquo;une distinction&nbsp;: des esp\u00e8ces fort diff\u00e9rentes, un arbre r\u00e9pandu dans les for\u00eats, un arbre pour orner les villes, un fruit &hellip; <a href=\"https:\/\/jlggb.net\/blog9\/2025\/09\/20\/la-rentree-la-vie-des-objets-ch-199\/\" class=\"more-link\">Continuer la lecture de <span class=\"screen-reader-text\">La rentr\u00e9e (La vie des objets. Ch. 199)<\/span><\/a><\/p>\n","protected":false},"author":1,"featured_media":0,"comment_status":"closed","ping_status":"closed","sticky":false,"template":"","format":"standard","meta":{"footnotes":""},"categories":[238,134,54,70,104],"tags":[624,625,626],"class_list":["post-4733","post","type-post","status-publish","format-standard","hentry","category-viedesobjets","category-circonstances","category-collection","category-mots","category-saisie","tag-marron","tag-nation","tag-rentree"],"_links":{"self":[{"href":"https:\/\/jlggb.net\/blog9\/wp-json\/wp\/v2\/posts\/4733","targetHints":{"allow":["GET"]}}],"collection":[{"href":"https:\/\/jlggb.net\/blog9\/wp-json\/wp\/v2\/posts"}],"about":[{"href":"https:\/\/jlggb.net\/blog9\/wp-json\/wp\/v2\/types\/post"}],"author":[{"embeddable":true,"href":"https:\/\/jlggb.net\/blog9\/wp-json\/wp\/v2\/users\/1"}],"replies":[{"embeddable":true,"href":"https:\/\/jlggb.net\/blog9\/wp-json\/wp\/v2\/comments?post=4733"}],"version-history":[{"count":11,"href":"https:\/\/jlggb.net\/blog9\/wp-json\/wp\/v2\/posts\/4733\/revisions"}],"predecessor-version":[{"id":4746,"href":"https:\/\/jlggb.net\/blog9\/wp-json\/wp\/v2\/posts\/4733\/revisions\/4746"}],"wp:attachment":[{"href":"https:\/\/jlggb.net\/blog9\/wp-json\/wp\/v2\/media?parent=4733"}],"wp:term":[{"taxonomy":"category","embeddable":true,"href":"https:\/\/jlggb.net\/blog9\/wp-json\/wp\/v2\/categories?post=4733"},{"taxonomy":"post_tag","embeddable":true,"href":"https:\/\/jlggb.net\/blog9\/wp-json\/wp\/v2\/tags?post=4733"}],"curies":[{"name":"wp","href":"https:\/\/api.w.org\/{rel}","templated":true}]}}