{"id":463,"date":"2024-03-06T16:00:27","date_gmt":"2024-03-06T15:00:27","guid":{"rendered":"http:\/\/jlggb.net\/blog9\/?p=463"},"modified":"2025-11-24T14:03:17","modified_gmt":"2025-11-24T13:03:17","slug":"la-couleur-des-jours-numero-50","status":"publish","type":"post","link":"https:\/\/jlggb.net\/blog9\/2024\/03\/06\/la-couleur-des-jours-numero-50\/","title":{"rendered":"Le num\u00e9ro 50 de La Couleur des jours"},"content":{"rendered":"<p><a href=\"https:\/\/jlggb.net\/blog9\/wp-content\/uploads\/2024\/03\/cdj_50_jlggb-scaled.jpg\" data-rel=\"lightbox-image-0\" data-imagelightbox=\"0\" data-rl_title=\"\" data-rl_caption=\"\" title=\"\"><img loading=\"lazy\" decoding=\"async\" class=\"alignnone wp-image-464\" src=\"https:\/\/jlggb.net\/blog9\/wp-content\/uploads\/2024\/03\/cdj_50_jlggb-scaled.jpg\" alt=\"\" width=\"640\" height=\"1030\" srcset=\"https:\/\/jlggb.net\/blog9\/wp-content\/uploads\/2024\/03\/cdj_50_jlggb-scaled.jpg 1590w, https:\/\/jlggb.net\/blog9\/wp-content\/uploads\/2024\/03\/cdj_50_jlggb-186x300.jpg 186w, https:\/\/jlggb.net\/blog9\/wp-content\/uploads\/2024\/03\/cdj_50_jlggb-1863x3000.jpg 1863w, https:\/\/jlggb.net\/blog9\/wp-content\/uploads\/2024\/03\/cdj_50_jlggb-768x1236.jpg 768w, https:\/\/jlggb.net\/blog9\/wp-content\/uploads\/2024\/03\/cdj_50_jlggb-954x1536.jpg 954w, https:\/\/jlggb.net\/blog9\/wp-content\/uploads\/2024\/03\/cdj_50_jlggb-1272x2048.jpg 1272w, https:\/\/jlggb.net\/blog9\/wp-content\/uploads\/2024\/03\/cdj_50_jlggb-93x150.jpg 93w\" sizes=\"auto, (max-width: 640px) 100vw, 640px\" \/><\/a><br \/>\nMercredi 6 mars 2024, 16h. <em>La Couleur des jours<\/em>, num\u00e9ro 50, vient d&rsquo;\u00eatre vue au Salon du livre de Gen\u00e8ve. Le choix de ces deux posts op\u00e8re un \u00e9change entre choses et objets, sur une \u00ab vie lente \u00bb qui est la bonne version de <em>still life<\/em>.<\/p>\n","protected":false},"excerpt":{"rendered":"<p>Mercredi 6 mars 2024, 16h. La Couleur des jours, num\u00e9ro 50, vient d&rsquo;\u00eatre vue au Salon du livre de Gen\u00e8ve. Le choix de ces deux posts op\u00e8re un \u00e9change entre choses et objets, sur une \u00ab vie lente \u00bb qui est la bonne version de still life.<\/p>\n","protected":false},"author":1,"featured_media":0,"comment_status":"closed","ping_status":"closed","sticky":false,"template":"","format":"standard","meta":{"footnotes":""},"categories":[7],"tags":[310],"class_list":["post-463","post","type-post","status-publish","format-standard","hentry","category-moment","tag-la-couleur-des-jours"],"_links":{"self":[{"href":"https:\/\/jlggb.net\/blog9\/wp-json\/wp\/v2\/posts\/463","targetHints":{"allow":["GET"]}}],"collection":[{"href":"https:\/\/jlggb.net\/blog9\/wp-json\/wp\/v2\/posts"}],"about":[{"href":"https:\/\/jlggb.net\/blog9\/wp-json\/wp\/v2\/types\/post"}],"author":[{"embeddable":true,"href":"https:\/\/jlggb.net\/blog9\/wp-json\/wp\/v2\/users\/1"}],"replies":[{"embeddable":true,"href":"https:\/\/jlggb.net\/blog9\/wp-json\/wp\/v2\/comments?post=463"}],"version-history":[{"count":7,"href":"https:\/\/jlggb.net\/blog9\/wp-json\/wp\/v2\/posts\/463\/revisions"}],"predecessor-version":[{"id":471,"href":"https:\/\/jlggb.net\/blog9\/wp-json\/wp\/v2\/posts\/463\/revisions\/471"}],"wp:attachment":[{"href":"https:\/\/jlggb.net\/blog9\/wp-json\/wp\/v2\/media?parent=463"}],"wp:term":[{"taxonomy":"category","embeddable":true,"href":"https:\/\/jlggb.net\/blog9\/wp-json\/wp\/v2\/categories?post=463"},{"taxonomy":"post_tag","embeddable":true,"href":"https:\/\/jlggb.net\/blog9\/wp-json\/wp\/v2\/tags?post=463"}],"curies":[{"name":"wp","href":"https:\/\/api.w.org\/{rel}","templated":true}]}}