{"id":4292,"date":"2025-07-20T14:50:30","date_gmt":"2025-07-20T12:50:30","guid":{"rendered":"https:\/\/jlggb.net\/blog9\/?p=4292"},"modified":"2025-07-26T23:53:26","modified_gmt":"2025-07-26T21:53:26","slug":"rue-du-caire-atlas-du-gobelet","status":"publish","type":"post","link":"https:\/\/jlggb.net\/blog9\/2025\/07\/20\/rue-du-caire-atlas-du-gobelet\/","title":{"rendered":"Rue du Caire (Atlas du Gobelet)"},"content":{"rendered":"<p><a href=\"https:\/\/jlggb.net\/blog9\/wp-content\/uploads\/2025\/07\/atlas_le_caire_20250720_01bis-scaled.jpg\" data-rel=\"lightbox-image-0\" data-imagelightbox=\"0\" data-rl_title=\"\" data-rl_caption=\"\" title=\"\"><img loading=\"lazy\" decoding=\"async\" src=\"https:\/\/jlggb.net\/blog9\/wp-content\/uploads\/2025\/07\/atlas_le_caire_20250720_01bis-scaled.jpg\" alt=\"\" width=\"2560\" height=\"1920\" class=\"alignnone size-full wp-image-4359\" srcset=\"https:\/\/jlggb.net\/blog9\/wp-content\/uploads\/2025\/07\/atlas_le_caire_20250720_01bis-scaled.jpg 2560w, https:\/\/jlggb.net\/blog9\/wp-content\/uploads\/2025\/07\/atlas_le_caire_20250720_01bis-300x225.jpg 300w, https:\/\/jlggb.net\/blog9\/wp-content\/uploads\/2025\/07\/atlas_le_caire_20250720_01bis-768x576.jpg 768w, https:\/\/jlggb.net\/blog9\/wp-content\/uploads\/2025\/07\/atlas_le_caire_20250720_01bis-1536x1152.jpg 1536w, https:\/\/jlggb.net\/blog9\/wp-content\/uploads\/2025\/07\/atlas_le_caire_20250720_01bis-2048x1536.jpg 2048w\" sizes=\"auto, (max-width: 2560px) 100vw, 2560px\" \/><\/a><br \/>\n<a href=\"https:\/\/jlggb.net\/blog9\/wp-content\/uploads\/2025\/07\/atlas_le_caire_20250720_02-scaled.jpg\" data-rel=\"lightbox-image-1\" data-imagelightbox=\"1\" data-rl_title=\"\" data-rl_caption=\"\" title=\"\"><img loading=\"lazy\" decoding=\"async\" class=\"alignnone size-full wp-image-4298\" src=\"https:\/\/jlggb.net\/blog9\/wp-content\/uploads\/2025\/07\/atlas_le_caire_20250720_02-scaled.jpg\" alt=\"\" width=\"2560\" height=\"1920\" srcset=\"https:\/\/jlggb.net\/blog9\/wp-content\/uploads\/2025\/07\/atlas_le_caire_20250720_02-scaled.jpg 2560w, https:\/\/jlggb.net\/blog9\/wp-content\/uploads\/2025\/07\/atlas_le_caire_20250720_02-300x225.jpg 300w, https:\/\/jlggb.net\/blog9\/wp-content\/uploads\/2025\/07\/atlas_le_caire_20250720_02-768x576.jpg 768w, https:\/\/jlggb.net\/blog9\/wp-content\/uploads\/2025\/07\/atlas_le_caire_20250720_02-1536x1152.jpg 1536w, https:\/\/jlggb.net\/blog9\/wp-content\/uploads\/2025\/07\/atlas_le_caire_20250720_02-2048x1536.jpg 2048w\" sizes=\"auto, (max-width: 2560px) 100vw, 2560px\" \/><\/a><br \/>\n<a href=\"https:\/\/jlggb.net\/blog9\/wp-content\/uploads\/2025\/07\/atlas_le_caire_20250720_03-scaled.jpg\" data-rel=\"lightbox-image-2\" data-imagelightbox=\"2\" data-rl_title=\"\" data-rl_caption=\"\" title=\"\"><img loading=\"lazy\" decoding=\"async\" class=\"alignnone size-full wp-image-4297\" src=\"https:\/\/jlggb.net\/blog9\/wp-content\/uploads\/2025\/07\/atlas_le_caire_20250720_03-scaled.jpg\" alt=\"\" width=\"2560\" height=\"1920\" srcset=\"https:\/\/jlggb.net\/blog9\/wp-content\/uploads\/2025\/07\/atlas_le_caire_20250720_03-scaled.jpg 2560w, https:\/\/jlggb.net\/blog9\/wp-content\/uploads\/2025\/07\/atlas_le_caire_20250720_03-300x225.jpg 300w, https:\/\/jlggb.net\/blog9\/wp-content\/uploads\/2025\/07\/atlas_le_caire_20250720_03-768x576.jpg 768w, https:\/\/jlggb.net\/blog9\/wp-content\/uploads\/2025\/07\/atlas_le_caire_20250720_03-1536x1152.jpg 1536w, https:\/\/jlggb.net\/blog9\/wp-content\/uploads\/2025\/07\/atlas_le_caire_20250720_03-2048x1536.jpg 2048w\" sizes=\"auto, (max-width: 2560px) 100vw, 2560px\" \/><\/a><br \/>\nDimanche 20 juillet 2025, 14h50, rue du Caire, Paris 2e. On n&rsquo;\u00e9vite pas \u00ab c&rsquo;\u00e9tait autrefois une entr\u00e9e vers la cour des Miracles \u00bb, ou encore \u00ab l&rsquo;entr\u00e9e de Bonaparte au Caire, le 23 juillet 1798 \u00bb. Rue des forges, rue des Corderies, la longue histoire des ateliers du Sentier. Maintenant c&rsquo;est tout autre chose, des boutiques de bouche et de mode. Mais tout de m\u00eame, \u00e0 l&rsquo;\u00e9cart, il appara\u00eet qu&rsquo;un sans-abri venu d&rsquo;Afrique a pos\u00e9 l\u00e0 son gobelet.<\/p>\n","protected":false},"excerpt":{"rendered":"<p>Dimanche 20 juillet 2025, 14h50, rue du Caire, Paris 2e. On n&rsquo;\u00e9vite pas \u00ab c&rsquo;\u00e9tait autrefois une entr\u00e9e vers la cour des Miracles \u00bb, ou encore \u00ab l&rsquo;entr\u00e9e de Bonaparte au Caire, le 23 juillet 1798 \u00bb. Rue des forges, rue des Corderies, la longue histoire des ateliers du Sentier. Maintenant c&rsquo;est tout autre chose, &hellip; <a href=\"https:\/\/jlggb.net\/blog9\/2025\/07\/20\/rue-du-caire-atlas-du-gobelet\/\" class=\"more-link\">Continuer la lecture de <span class=\"screen-reader-text\">Rue du Caire (Atlas du Gobelet)<\/span><\/a><\/p>\n","protected":false},"author":1,"featured_media":0,"comment_status":"closed","ping_status":"closed","sticky":false,"template":"","format":"standard","meta":{"footnotes":""},"categories":[239,14,5,13],"tags":[577,38,31],"class_list":["post-4292","post","type-post","status-publish","format-standard","hentry","category-atlasdugobelet","category-contexte","category-histoire","category-lieu","tag-ateliers","tag-rue","tag-soleil"],"_links":{"self":[{"href":"https:\/\/jlggb.net\/blog9\/wp-json\/wp\/v2\/posts\/4292","targetHints":{"allow":["GET"]}}],"collection":[{"href":"https:\/\/jlggb.net\/blog9\/wp-json\/wp\/v2\/posts"}],"about":[{"href":"https:\/\/jlggb.net\/blog9\/wp-json\/wp\/v2\/types\/post"}],"author":[{"embeddable":true,"href":"https:\/\/jlggb.net\/blog9\/wp-json\/wp\/v2\/users\/1"}],"replies":[{"embeddable":true,"href":"https:\/\/jlggb.net\/blog9\/wp-json\/wp\/v2\/comments?post=4292"}],"version-history":[{"count":10,"href":"https:\/\/jlggb.net\/blog9\/wp-json\/wp\/v2\/posts\/4292\/revisions"}],"predecessor-version":[{"id":4360,"href":"https:\/\/jlggb.net\/blog9\/wp-json\/wp\/v2\/posts\/4292\/revisions\/4360"}],"wp:attachment":[{"href":"https:\/\/jlggb.net\/blog9\/wp-json\/wp\/v2\/media?parent=4292"}],"wp:term":[{"taxonomy":"category","embeddable":true,"href":"https:\/\/jlggb.net\/blog9\/wp-json\/wp\/v2\/categories?post=4292"},{"taxonomy":"post_tag","embeddable":true,"href":"https:\/\/jlggb.net\/blog9\/wp-json\/wp\/v2\/tags?post=4292"}],"curies":[{"name":"wp","href":"https:\/\/api.w.org\/{rel}","templated":true}]}}