{"id":4227,"date":"2025-07-14T17:00:04","date_gmt":"2025-07-14T15:00:04","guid":{"rendered":"https:\/\/jlggb.net\/blog9\/?p=4227"},"modified":"2025-11-17T12:46:00","modified_gmt":"2025-11-17T11:46:00","slug":"vue-retrouvee","status":"publish","type":"post","link":"https:\/\/jlggb.net\/blog9\/2025\/07\/14\/vue-retrouvee\/","title":{"rendered":"Vue retrouv\u00e9e"},"content":{"rendered":"<p><a href=\"https:\/\/jlggb.net\/blog9\/wp-content\/uploads\/2025\/07\/chambery_peinture_lac_202408-vif-scaled.jpg\" data-rel=\"lightbox-image-0\" data-imagelightbox=\"0\" data-rl_title=\"\" data-rl_caption=\"\" title=\"\"><img loading=\"lazy\" decoding=\"async\" class=\"alignnone size-full wp-image-4239\" src=\"https:\/\/jlggb.net\/blog9\/wp-content\/uploads\/2025\/07\/chambery_peinture_lac_202408-vif-scaled.jpg\" alt=\"\" width=\"2560\" height=\"1847\" srcset=\"https:\/\/jlggb.net\/blog9\/wp-content\/uploads\/2025\/07\/chambery_peinture_lac_202408-vif-scaled.jpg 2560w, https:\/\/jlggb.net\/blog9\/wp-content\/uploads\/2025\/07\/chambery_peinture_lac_202408-vif-300x217.jpg 300w, https:\/\/jlggb.net\/blog9\/wp-content\/uploads\/2025\/07\/chambery_peinture_lac_202408-vif-768x554.jpg 768w, https:\/\/jlggb.net\/blog9\/wp-content\/uploads\/2025\/07\/chambery_peinture_lac_202408-vif-1536x1108.jpg 1536w, https:\/\/jlggb.net\/blog9\/wp-content\/uploads\/2025\/07\/chambery_peinture_lac_202408-vif-2048x1478.jpg 2048w\" sizes=\"auto, (max-width: 2560px) 100vw, 2560px\" \/><\/a><br \/>\n<a href=\"https:\/\/jlggb.net\/blog9\/wp-content\/uploads\/2025\/07\/pugny_vue_cremaillere_RETOUCHE_vif_20250519-scaled.jpg\" data-rel=\"lightbox-image-1\" data-imagelightbox=\"1\" data-rl_title=\"\" data-rl_caption=\"\" title=\"\"><img loading=\"lazy\" decoding=\"async\" class=\"alignnone size-full wp-image-4240\" src=\"https:\/\/jlggb.net\/blog9\/wp-content\/uploads\/2025\/07\/pugny_vue_cremaillere_RETOUCHE_vif_20250519-scaled.jpg\" alt=\"\" width=\"2560\" height=\"1837\" \/><\/a><\/p>\n<p>Lundi 14 juillet 2025, 17h, Aix-les-Bains. On y est retourn\u00e9 trois fois depuis le mois de mars. Plusieurs raisons se sont rassembl\u00e9es. Le point de vue, on disait un peu plus au sud et un peu plus haut, est plus juste quand on est \u00e0 Pugny, non loin au sud du centre du village. Pourquoi le peintre Carolus-Duran, c\u00e9l\u00e9br\u00e9 \u00e0 l&rsquo;\u00e9poque pour ses portraits de bourgeois et de c\u00e9l\u00e9brit\u00e9s mondaines, a \u00e9t\u00e9 amen\u00e9 \u00e0 peindre cette vue. En 1900, la vill\u00e9giature \u00e0 Aix-les-Bains vient de s&rsquo;\u00e9tendre vers le mont Revard, par la construction du train \u00e0 cr\u00e9maill\u00e8re. Ce train pr\u00e9sente trois arr\u00eats interm\u00e9diaires dont un \u00e0 Pugny, qui a \u00e9t\u00e9 d\u00e9termin\u00e9 par la pr\u00e9sence, dans la campagne bois\u00e9e, de l&rsquo;h\u00f4tel climat\u00e9rium des Corbi\u00e8res. Carolus-Duran fr\u00e9quente le beau monde d&rsquo;Aix-les-Bains, il a fait le portrait de celle qu&rsquo;on nomme ici Marie de Solms, Marie-L\u00e6titia Bonaparte-Wyse. Il a r\u00e9sid\u00e9 au climat\u00e9rium. En montant sur le trajet de la cr\u00e9maill\u00e8re, on voit plusieurs vergers. Les pommiers de la peinture pouvaient \u00eatre l\u00e0. La vue ne peut pas se confirmer car des chemins bord\u00e9s d&rsquo;arbre ont \u00e9t\u00e9 creus\u00e9s pour conduire \u00e0 de nouvelles maisons. On en vient aussi \u00e0 supposer que, en d\u00e9pit ou \u00e0 cause du naturalisme, le peintre a naturellement arrang\u00e9 son paysage. On le fait aussi un peu avec la nouvelle photo.<\/p>\n<p>Note&nbsp;: <a href=\"https:\/\/jlggb.net\/blog9\/2025\/03\/23\/on-voit-le-lac\/\">https:\/\/jlggb.net\/blog9\/2025\/03\/23\/on-voit-le-lac\/<\/a><\/p>\n<p>Un premier article&nbsp;: <a href=\"http:\/\/jlggb.net\/blog4\/?p=2000\">http:\/\/jlggb.net\/blog4\/?p=2000<\/a><\/p>\n","protected":false},"excerpt":{"rendered":"<p>Lundi 14 juillet 2025, 17h, Aix-les-Bains. On y est retourn\u00e9 trois fois depuis le mois de mars. Plusieurs raisons se sont rassembl\u00e9es. Le point de vue, on disait un peu plus au sud et un peu plus haut, est plus juste quand on est \u00e0 Pugny, non loin au sud du centre du village. Pourquoi &hellip; <a href=\"https:\/\/jlggb.net\/blog9\/2025\/07\/14\/vue-retrouvee\/\" class=\"more-link\">Continuer la lecture de <span class=\"screen-reader-text\">Vue retrouv\u00e9e<\/span><\/a><\/p>\n","protected":false},"author":1,"featured_media":0,"comment_status":"closed","ping_status":"closed","sticky":false,"template":"","format":"standard","meta":{"footnotes":""},"categories":[15,134,5,13,323],"tags":[571,93,424],"class_list":["post-4227","post","type-post","status-publish","format-standard","hentry","category-art","category-circonstances","category-histoire","category-lieu","category-nature","tag-peintre","tag-peinture","tag-point-de-vue"],"_links":{"self":[{"href":"https:\/\/jlggb.net\/blog9\/wp-json\/wp\/v2\/posts\/4227","targetHints":{"allow":["GET"]}}],"collection":[{"href":"https:\/\/jlggb.net\/blog9\/wp-json\/wp\/v2\/posts"}],"about":[{"href":"https:\/\/jlggb.net\/blog9\/wp-json\/wp\/v2\/types\/post"}],"author":[{"embeddable":true,"href":"https:\/\/jlggb.net\/blog9\/wp-json\/wp\/v2\/users\/1"}],"replies":[{"embeddable":true,"href":"https:\/\/jlggb.net\/blog9\/wp-json\/wp\/v2\/comments?post=4227"}],"version-history":[{"count":14,"href":"https:\/\/jlggb.net\/blog9\/wp-json\/wp\/v2\/posts\/4227\/revisions"}],"predecessor-version":[{"id":5215,"href":"https:\/\/jlggb.net\/blog9\/wp-json\/wp\/v2\/posts\/4227\/revisions\/5215"}],"wp:attachment":[{"href":"https:\/\/jlggb.net\/blog9\/wp-json\/wp\/v2\/media?parent=4227"}],"wp:term":[{"taxonomy":"category","embeddable":true,"href":"https:\/\/jlggb.net\/blog9\/wp-json\/wp\/v2\/categories?post=4227"},{"taxonomy":"post_tag","embeddable":true,"href":"https:\/\/jlggb.net\/blog9\/wp-json\/wp\/v2\/tags?post=4227"}],"curies":[{"name":"wp","href":"https:\/\/api.w.org\/{rel}","templated":true}]}}