{"id":4168,"date":"2025-07-09T19:19:11","date_gmt":"2025-07-09T17:19:11","guid":{"rendered":"https:\/\/jlggb.net\/blog9\/?p=4168"},"modified":"2026-04-18T10:11:10","modified_gmt":"2026-04-18T08:11:10","slug":"feuille-de-figuier","status":"publish","type":"post","link":"https:\/\/jlggb.net\/blog9\/2025\/07\/09\/feuille-de-figuier\/","title":{"rendered":"Feuille de figuier"},"content":{"rendered":"<p><a href=\"https:\/\/jlggb.net\/blog9\/wp-content\/uploads\/2025\/07\/figuier-feuille_chevigneu_20250709-scaled.jpg\" data-rel=\"lightbox-image-0\" data-imagelightbox=\"0\" data-rl_title=\"\" data-rl_caption=\"\" title=\"\"><img loading=\"lazy\" decoding=\"async\" src=\"https:\/\/jlggb.net\/blog9\/wp-content\/uploads\/2025\/07\/figuier-feuille_chevigneu_20250709-scaled.jpg\" alt=\"\" width=\"1920\" height=\"2560\" class=\"alignnone size-full wp-image-4169\" srcset=\"https:\/\/jlggb.net\/blog9\/wp-content\/uploads\/2025\/07\/figuier-feuille_chevigneu_20250709-scaled.jpg 1920w, https:\/\/jlggb.net\/blog9\/wp-content\/uploads\/2025\/07\/figuier-feuille_chevigneu_20250709-225x300.jpg 225w, https:\/\/jlggb.net\/blog9\/wp-content\/uploads\/2025\/07\/figuier-feuille_chevigneu_20250709-768x1024.jpg 768w, https:\/\/jlggb.net\/blog9\/wp-content\/uploads\/2025\/07\/figuier-feuille_chevigneu_20250709-1152x1536.jpg 1152w, https:\/\/jlggb.net\/blog9\/wp-content\/uploads\/2025\/07\/figuier-feuille_chevigneu_20250709-1536x2048.jpg 1536w\" sizes=\"auto, (max-width: 1920px) 100vw, 1920px\" \/><\/a><br \/>\nMercredi 9 juillet 2025, 19h19, Chevigneu, Chindrieux, Savoie. Son vert et ses nervures s&rsquo;\u00e9clairent dans le soleil qui descend sur la Chautagne (et la vall\u00e9e du Rh\u00f4ne). Chantal nous dit que, dans son jardin en dessous, le figuier, tr\u00e8s \u00e9tendu, tr\u00e8s grand, est venu sans qu&rsquo;on le plante jamais.<\/p>\n","protected":false},"excerpt":{"rendered":"<p>Mercredi 9 juillet 2025, 19h19, Chevigneu, Chindrieux, Savoie. Son vert et ses nervures s&rsquo;\u00e9clairent dans le soleil qui descend sur la Chautagne (et la vall\u00e9e du Rh\u00f4ne). Chantal nous dit que, dans son jardin en dessous, le figuier, tr\u00e8s \u00e9tendu, tr\u00e8s grand, est venu sans qu&rsquo;on le plante jamais.<\/p>\n","protected":false},"author":1,"featured_media":0,"comment_status":"closed","ping_status":"closed","sticky":false,"template":"","format":"standard","meta":{"footnotes":""},"categories":[134,10,323],"tags":[567,380,31,568],"class_list":["post-4168","post","type-post","status-publish","format-standard","hentry","category-circonstances","category-couleur","category-nature","tag-figuier","tag-jardin","tag-soleil","tag-vallee"],"_links":{"self":[{"href":"https:\/\/jlggb.net\/blog9\/wp-json\/wp\/v2\/posts\/4168","targetHints":{"allow":["GET"]}}],"collection":[{"href":"https:\/\/jlggb.net\/blog9\/wp-json\/wp\/v2\/posts"}],"about":[{"href":"https:\/\/jlggb.net\/blog9\/wp-json\/wp\/v2\/types\/post"}],"author":[{"embeddable":true,"href":"https:\/\/jlggb.net\/blog9\/wp-json\/wp\/v2\/users\/1"}],"replies":[{"embeddable":true,"href":"https:\/\/jlggb.net\/blog9\/wp-json\/wp\/v2\/comments?post=4168"}],"version-history":[{"count":2,"href":"https:\/\/jlggb.net\/blog9\/wp-json\/wp\/v2\/posts\/4168\/revisions"}],"predecessor-version":[{"id":5357,"href":"https:\/\/jlggb.net\/blog9\/wp-json\/wp\/v2\/posts\/4168\/revisions\/5357"}],"wp:attachment":[{"href":"https:\/\/jlggb.net\/blog9\/wp-json\/wp\/v2\/media?parent=4168"}],"wp:term":[{"taxonomy":"category","embeddable":true,"href":"https:\/\/jlggb.net\/blog9\/wp-json\/wp\/v2\/categories?post=4168"},{"taxonomy":"post_tag","embeddable":true,"href":"https:\/\/jlggb.net\/blog9\/wp-json\/wp\/v2\/tags?post=4168"}],"curies":[{"name":"wp","href":"https:\/\/api.w.org\/{rel}","templated":true}]}}