{"id":4124,"date":"2025-07-09T19:30:00","date_gmt":"2025-07-09T17:30:00","guid":{"rendered":"https:\/\/jlggb.net\/blog9\/?p=4124"},"modified":"2025-08-05T22:19:38","modified_gmt":"2025-08-05T20:19:38","slug":"points-de-fuite-3","status":"publish","type":"post","link":"https:\/\/jlggb.net\/blog9\/2025\/07\/09\/points-de-fuite-3\/","title":{"rendered":"Points de fuite (3)"},"content":{"rendered":"<p><a href=\"https:\/\/jlggb.net\/blog9\/wp-content\/uploads\/2025\/07\/lacetdent_20250709_19-47-scaled.jpg\" data-rel=\"lightbox-image-0\" data-imagelightbox=\"0\" data-rl_title=\"\" data-rl_caption=\"\" title=\"\"><img loading=\"lazy\" decoding=\"async\" class=\"alignnone size-full wp-image-4133\" src=\"https:\/\/jlggb.net\/blog9\/wp-content\/uploads\/2025\/07\/lacetdent_20250709_19-47-scaled.jpg\" alt=\"\" width=\"1707\" height=\"2560\" srcset=\"https:\/\/jlggb.net\/blog9\/wp-content\/uploads\/2025\/07\/lacetdent_20250709_19-47-scaled.jpg 1707w, https:\/\/jlggb.net\/blog9\/wp-content\/uploads\/2025\/07\/lacetdent_20250709_19-47-200x300.jpg 200w, https:\/\/jlggb.net\/blog9\/wp-content\/uploads\/2025\/07\/lacetdent_20250709_19-47-2000x3000.jpg 2000w, https:\/\/jlggb.net\/blog9\/wp-content\/uploads\/2025\/07\/lacetdent_20250709_19-47-768x1152.jpg 768w, https:\/\/jlggb.net\/blog9\/wp-content\/uploads\/2025\/07\/lacetdent_20250709_19-47-1024x1536.jpg 1024w, https:\/\/jlggb.net\/blog9\/wp-content\/uploads\/2025\/07\/lacetdent_20250709_19-47-1365x2048.jpg 1365w\" sizes=\"auto, (max-width: 1707px) 100vw, 1707px\" \/><\/a><br \/>\nMercredi 9 juillet 2025, 19h40, La Chambotte, Lac du Bourget, Savoie. Horizontal et vertical, deux prises de vues \u00e9troitement associ\u00e9es, selon le dispositif d\u00e9j\u00e0 exerc\u00e9. Note&nbsp;: le bleu turquoise du lac est un \u00e9v\u00e9nement li\u00e9 \u00e0 l&rsquo;activit\u00e9 de photosynth\u00e8se du plancton.<br \/>\nVoir&nbsp;: <a href=\"https:\/\/jlggb.net\/blog9\/2024\/10\/05\/points-de-fuite-1\/\">https:\/\/jlggb.net\/blog9\/2024\/10\/05\/points-de-fuite-1\/<\/a><\/p>\n","protected":false},"excerpt":{"rendered":"<p>Mercredi 9 juillet 2025, 19h40, La Chambotte, Lac du Bourget, Savoie. Horizontal et vertical, deux prises de vues \u00e9troitement associ\u00e9es, selon le dispositif d\u00e9j\u00e0 exerc\u00e9. Note&nbsp;: le bleu turquoise du lac est un \u00e9v\u00e9nement li\u00e9 \u00e0 l&rsquo;activit\u00e9 de photosynth\u00e8se du plancton. Voir&nbsp;: https:\/\/jlggb.net\/blog9\/2024\/10\/05\/points-de-fuite-1\/<\/p>\n","protected":false},"author":1,"featured_media":0,"comment_status":"closed","ping_status":"closed","sticky":false,"template":"","format":"standard","meta":{"footnotes":""},"categories":[560,104,19],"tags":[277,444,561],"class_list":["post-4124","post","type-post","status-publish","format-standard","hentry","category-pointsdefuite","category-saisie","category-vue","tag-lac","tag-montagne","tag-turquoise"],"_links":{"self":[{"href":"https:\/\/jlggb.net\/blog9\/wp-json\/wp\/v2\/posts\/4124","targetHints":{"allow":["GET"]}}],"collection":[{"href":"https:\/\/jlggb.net\/blog9\/wp-json\/wp\/v2\/posts"}],"about":[{"href":"https:\/\/jlggb.net\/blog9\/wp-json\/wp\/v2\/types\/post"}],"author":[{"embeddable":true,"href":"https:\/\/jlggb.net\/blog9\/wp-json\/wp\/v2\/users\/1"}],"replies":[{"embeddable":true,"href":"https:\/\/jlggb.net\/blog9\/wp-json\/wp\/v2\/comments?post=4124"}],"version-history":[{"count":7,"href":"https:\/\/jlggb.net\/blog9\/wp-json\/wp\/v2\/posts\/4124\/revisions"}],"predecessor-version":[{"id":4433,"href":"https:\/\/jlggb.net\/blog9\/wp-json\/wp\/v2\/posts\/4124\/revisions\/4433"}],"wp:attachment":[{"href":"https:\/\/jlggb.net\/blog9\/wp-json\/wp\/v2\/media?parent=4124"}],"wp:term":[{"taxonomy":"category","embeddable":true,"href":"https:\/\/jlggb.net\/blog9\/wp-json\/wp\/v2\/categories?post=4124"},{"taxonomy":"post_tag","embeddable":true,"href":"https:\/\/jlggb.net\/blog9\/wp-json\/wp\/v2\/tags?post=4124"}],"curies":[{"name":"wp","href":"https:\/\/api.w.org\/{rel}","templated":true}]}}