{"id":3958,"date":"2025-05-16T19:00:24","date_gmt":"2025-05-16T17:00:24","guid":{"rendered":"https:\/\/jlggb.net\/blog9\/?p=3958"},"modified":"2025-07-05T11:38:44","modified_gmt":"2025-07-05T09:38:44","slug":"le-lavoir-de-buissonniere","status":"publish","type":"post","link":"https:\/\/jlggb.net\/blog9\/2025\/05\/16\/le-lavoir-de-buissonniere\/","title":{"rendered":"Le lavoir de Buissonni\u00e8re"},"content":{"rendered":"<p><a href=\"https:\/\/jlggb.net\/blog9\/wp-content\/uploads\/2025\/05\/lavoir_vinay_EB_1953_soft-scaled.jpg\" data-rel=\"lightbox-image-0\" data-imagelightbox=\"0\" data-rl_title=\"\" data-rl_caption=\"\" title=\"\"><img loading=\"lazy\" decoding=\"async\" src=\"https:\/\/jlggb.net\/blog9\/wp-content\/uploads\/2025\/05\/lavoir_vinay_EB_1953_soft-scaled.jpg\" alt=\"\" width=\"2560\" height=\"1848\" class=\"alignnone size-full wp-image-4081\" srcset=\"https:\/\/jlggb.net\/blog9\/wp-content\/uploads\/2025\/05\/lavoir_vinay_EB_1953_soft-scaled.jpg 2560w, https:\/\/jlggb.net\/blog9\/wp-content\/uploads\/2025\/05\/lavoir_vinay_EB_1953_soft-300x217.jpg 300w, https:\/\/jlggb.net\/blog9\/wp-content\/uploads\/2025\/05\/lavoir_vinay_EB_1953_soft-768x554.jpg 768w, https:\/\/jlggb.net\/blog9\/wp-content\/uploads\/2025\/05\/lavoir_vinay_EB_1953_soft-1536x1109.jpg 1536w, https:\/\/jlggb.net\/blog9\/wp-content\/uploads\/2025\/05\/lavoir_vinay_EB_1953_soft-2048x1478.jpg 2048w\" sizes=\"auto, (max-width: 2560px) 100vw, 2560px\" \/><\/a><br \/>\nVendredi 16 mai 2025, 19h, Annecy. Dans son cadre, l&rsquo;aquarelle d&rsquo;\u00c9mile Boissier, cr\u00e9\u00e9e au cours de l&rsquo;\u00e9t\u00e9 1953 \u00e0 Buissonni\u00e8re, Vinay, dans l&rsquo;Is\u00e8re. C&rsquo;\u00e9tait \u00ab notre lavoir \u00bb, au dessous de chez l&rsquo;oncle Henri et la tante \u00c9milie et de l&rsquo;ancienne ferme des grands parents Jullian. Plus tard, le cousin D\u00e8de (Andr\u00e9) en transporta la charpente pour en faire un abri au stade municipal qui se trouve \u00e0 environ 500 m\u00e8tres au nord.<\/p>\n","protected":false},"excerpt":{"rendered":"<p>Vendredi 16 mai 2025, 19h, Annecy. Dans son cadre, l&rsquo;aquarelle d&rsquo;\u00c9mile Boissier, cr\u00e9\u00e9e au cours de l&rsquo;\u00e9t\u00e9 1953 \u00e0 Buissonni\u00e8re, Vinay, dans l&rsquo;Is\u00e8re. C&rsquo;\u00e9tait \u00ab notre lavoir \u00bb, au dessous de chez l&rsquo;oncle Henri et la tante \u00c9milie et de l&rsquo;ancienne ferme des grands parents Jullian. Plus tard, le cousin D\u00e8de (Andr\u00e9) en transporta la &hellip; <a href=\"https:\/\/jlggb.net\/blog9\/2025\/05\/16\/le-lavoir-de-buissonniere\/\" class=\"more-link\">Continuer la lecture de <span class=\"screen-reader-text\">Le lavoir de Buissonni\u00e8re<\/span><\/a><\/p>\n","protected":false},"author":1,"featured_media":0,"comment_status":"closed","ping_status":"closed","sticky":false,"template":"","format":"standard","meta":{"footnotes":""},"categories":[15,5],"tags":[334],"class_list":["post-3958","post","type-post","status-publish","format-standard","hentry","category-art","category-histoire","tag-aquarelle"],"_links":{"self":[{"href":"https:\/\/jlggb.net\/blog9\/wp-json\/wp\/v2\/posts\/3958","targetHints":{"allow":["GET"]}}],"collection":[{"href":"https:\/\/jlggb.net\/blog9\/wp-json\/wp\/v2\/posts"}],"about":[{"href":"https:\/\/jlggb.net\/blog9\/wp-json\/wp\/v2\/types\/post"}],"author":[{"embeddable":true,"href":"https:\/\/jlggb.net\/blog9\/wp-json\/wp\/v2\/users\/1"}],"replies":[{"embeddable":true,"href":"https:\/\/jlggb.net\/blog9\/wp-json\/wp\/v2\/comments?post=3958"}],"version-history":[{"count":7,"href":"https:\/\/jlggb.net\/blog9\/wp-json\/wp\/v2\/posts\/3958\/revisions"}],"predecessor-version":[{"id":4082,"href":"https:\/\/jlggb.net\/blog9\/wp-json\/wp\/v2\/posts\/3958\/revisions\/4082"}],"wp:attachment":[{"href":"https:\/\/jlggb.net\/blog9\/wp-json\/wp\/v2\/media?parent=3958"}],"wp:term":[{"taxonomy":"category","embeddable":true,"href":"https:\/\/jlggb.net\/blog9\/wp-json\/wp\/v2\/categories?post=3958"},{"taxonomy":"post_tag","embeddable":true,"href":"https:\/\/jlggb.net\/blog9\/wp-json\/wp\/v2\/tags?post=3958"}],"curies":[{"name":"wp","href":"https:\/\/api.w.org\/{rel}","templated":true}]}}