{"id":3888,"date":"2025-01-23T19:00:35","date_gmt":"2025-01-23T18:00:35","guid":{"rendered":"https:\/\/jlggb.net\/blog9\/?p=3888"},"modified":"2025-07-06T00:45:41","modified_gmt":"2025-07-05T22:45:41","slug":"rendez-vous","status":"publish","type":"post","link":"https:\/\/jlggb.net\/blog9\/2025\/01\/23\/rendez-vous\/","title":{"rendered":"Rendez-vous"},"content":{"rendered":"<p><a href=\"https:\/\/jlggb.net\/blog9\/wp-content\/uploads\/2025\/06\/kyoto_minami_vernissage_ddd_20250123_19-scaled.jpg\" data-rel=\"lightbox-image-0\" data-imagelightbox=\"0\" data-rl_title=\"\" data-rl_caption=\"\" title=\"\"><img loading=\"lazy\" decoding=\"async\" class=\"alignnone size-full wp-image-3890\" src=\"https:\/\/jlggb.net\/blog9\/wp-content\/uploads\/2025\/06\/kyoto_minami_vernissage_ddd_20250123_19-scaled.jpg\" alt=\"\" width=\"2560\" height=\"1920\" srcset=\"https:\/\/jlggb.net\/blog9\/wp-content\/uploads\/2025\/06\/kyoto_minami_vernissage_ddd_20250123_19-scaled.jpg 2560w, https:\/\/jlggb.net\/blog9\/wp-content\/uploads\/2025\/06\/kyoto_minami_vernissage_ddd_20250123_19-300x225.jpg 300w, https:\/\/jlggb.net\/blog9\/wp-content\/uploads\/2025\/06\/kyoto_minami_vernissage_ddd_20250123_19-768x576.jpg 768w, https:\/\/jlggb.net\/blog9\/wp-content\/uploads\/2025\/06\/kyoto_minami_vernissage_ddd_20250123_19-1536x1152.jpg 1536w, https:\/\/jlggb.net\/blog9\/wp-content\/uploads\/2025\/06\/kyoto_minami_vernissage_ddd_20250123_19-2048x1536.jpg 2048w\" sizes=\"auto, (max-width: 2560px) 100vw, 2560px\" \/><\/a><\/p>\n<p><a href=\"https:\/\/jlggb.net\/blog9\/wp-content\/uploads\/2025\/06\/kyoto_minami_portrait_1999_ddd_20250123_19-scaled.jpg\" data-rel=\"lightbox-image-1\" data-imagelightbox=\"1\" data-rl_title=\"\" data-rl_caption=\"\" title=\"\"><img loading=\"lazy\" decoding=\"async\" class=\"alignnone size-full wp-image-3889\" src=\"https:\/\/jlggb.net\/blog9\/wp-content\/uploads\/2025\/06\/kyoto_minami_portrait_1999_ddd_20250123_19-scaled.jpg\" alt=\"\" width=\"2560\" height=\"1920\" srcset=\"https:\/\/jlggb.net\/blog9\/wp-content\/uploads\/2025\/06\/kyoto_minami_portrait_1999_ddd_20250123_19-scaled.jpg 2560w, https:\/\/jlggb.net\/blog9\/wp-content\/uploads\/2025\/06\/kyoto_minami_portrait_1999_ddd_20250123_19-300x225.jpg 300w, https:\/\/jlggb.net\/blog9\/wp-content\/uploads\/2025\/06\/kyoto_minami_portrait_1999_ddd_20250123_19-768x576.jpg 768w, https:\/\/jlggb.net\/blog9\/wp-content\/uploads\/2025\/06\/kyoto_minami_portrait_1999_ddd_20250123_19-1536x1152.jpg 1536w, https:\/\/jlggb.net\/blog9\/wp-content\/uploads\/2025\/06\/kyoto_minami_portrait_1999_ddd_20250123_19-2048x1536.jpg 2048w\" sizes=\"auto, (max-width: 2560px) 100vw, 2560px\" \/><\/a><\/p>\n<p>Jeudi 23 janvier 2025, 19h, galerie ddd, Cocoon Karasuma, Kyoto. Il y a 30 ans, lors d&rsquo;un premier s\u00e9jour \u00e0 Kyoto, je fus accueilli et guid\u00e9 par Takuya Minami, graphiste et ami de Hajime Takeuchi, au sein du groupe d&rsquo;installations musicales Softpad. C&rsquo;\u00e9tait en juillet et il \u00e9tait difficile de trouver une chambre. Nous devions filmer un entretien avec Teiji Furuhashi car le groupe Dumb Type devait participer \u00e0 la Biennale de Lyon en d\u00e9cembre. Le logement de Shiro et Yoko Takatani, de Dumb Type, me fut pr\u00eat\u00e9 et ce fut un moment in\u00e9dit, la d\u00e9couverte d&rsquo;un int\u00e9rieur et de tous ses accessoires. Aujourd&rsquo;hui c&rsquo;est donc le vernissage d&rsquo;une exposition o\u00f9 Takuya Minami montre les affiches, les compositions, qu&rsquo;il a produites pour Dumb Type, pour Ryuichi Sakamoto, pour Shiro Takatani. Ce dernier, apr\u00e8s la mort de Teiji Furuhashi en 1995 est devenu le leader de Dumb type mais aussi, individuellement, un artiste d&rsquo;installations, d&rsquo;environnements sonores et lumineux montr\u00e9s un peu partout dans le monde. Il s&rsquo;est ainsi associ\u00e9 \u00e0 Fujiko Nakaya pour ses sculptures de brouillard. Ayant travaill\u00e9 beaucoup avec Ryuichi Sakamoto, il est aujourd&rsquo;hui sollicit\u00e9 pour les \u00e9v\u00e9nements qui lui rendent hommage, \u00e0 commencer par la vaste exposition collective qu&rsquo;on a vue au MOT de Tokyo. En 2000, il contribua \u00e0 une installation que j&rsquo;allais montrer au Kyoto art Center, <em>Le mod\u00e8le du th\u00e9<\/em>. Akira Asada, le philosophe tr\u00e8s en pointe, traducteur de la \u00ab French Theory \u00bb devait \u00e9crire un texte pour le catalogue mais nous fit d\u00e9faut. Minami en \u00e9tait le graphiste, comme il le sera en 2003 de la tr\u00e8s belle version japonaise du CD-Rom <em>Moments de Jean-Jacques Rousseau<\/em>. Ici, l&rsquo;exposition est organis\u00e9e par Chikako Tatsuuma, la responsable de la galerie ddd de Kyoto, attach\u00e9e \u00e0 l&rsquo;entreprise d&rsquo;impression de reproductions d&rsquo;\u0153uvres DNP. C&rsquo;est elle d\u00e9j\u00e0 qui m&rsquo;avait confi\u00e9 le commissariat d&rsquo;une exposition ayant trait \u00e0 la question de l&rsquo;immat\u00e9riel dans cette galerie, en septembre 2016. Les personnes cit\u00e9es figurent dans la photo de groupe, faite par je ne sais qui. Le portrait de cette jeune femme, je l&rsquo;ai fait parce que je l&rsquo;ai reconnue. Elle \u00e9tait, en 1999 \u00e0 l&rsquo;Universit\u00e9 d&rsquo;art Seian, \u00e0 Sakamoto du lac Biwa, dans le workshop sur la vid\u00e9o interactive que j&rsquo;avais nomm\u00e9 \u00ab Autoportrait \u00bb. Nous avions fait ensemble le prototype initial, amusant, de cette exp\u00e9rience qui associa une quinzaine de personnes, assez dou\u00e9es.<\/p>\n","protected":false},"excerpt":{"rendered":"<p>Jeudi 23 janvier 2025, 19h, galerie ddd, Cocoon Karasuma, Kyoto. Il y a 30 ans, lors d&rsquo;un premier s\u00e9jour \u00e0 Kyoto, je fus accueilli et guid\u00e9 par Takuya Minami, graphiste et ami de Hajime Takeuchi, au sein du groupe d&rsquo;installations musicales Softpad. C&rsquo;\u00e9tait en juillet et il \u00e9tait difficile de trouver une chambre. Nous devions &hellip; <a href=\"https:\/\/jlggb.net\/blog9\/2025\/01\/23\/rendez-vous\/\" class=\"more-link\">Continuer la lecture de <span class=\"screen-reader-text\">Rendez-vous<\/span><\/a><\/p>\n","protected":false},"author":1,"featured_media":0,"comment_status":"closed","ping_status":"closed","sticky":false,"template":"","format":"standard","meta":{"footnotes":""},"categories":[363,15,12,22,5],"tags":[554,553],"class_list":["post-3888","post","type-post","status-publish","format-standard","hentry","category-japon","category-art","category-connaissance","category-evenement","category-histoire","tag-artistes","tag-personnes"],"_links":{"self":[{"href":"https:\/\/jlggb.net\/blog9\/wp-json\/wp\/v2\/posts\/3888","targetHints":{"allow":["GET"]}}],"collection":[{"href":"https:\/\/jlggb.net\/blog9\/wp-json\/wp\/v2\/posts"}],"about":[{"href":"https:\/\/jlggb.net\/blog9\/wp-json\/wp\/v2\/types\/post"}],"author":[{"embeddable":true,"href":"https:\/\/jlggb.net\/blog9\/wp-json\/wp\/v2\/users\/1"}],"replies":[{"embeddable":true,"href":"https:\/\/jlggb.net\/blog9\/wp-json\/wp\/v2\/comments?post=3888"}],"version-history":[{"count":21,"href":"https:\/\/jlggb.net\/blog9\/wp-json\/wp\/v2\/posts\/3888\/revisions"}],"predecessor-version":[{"id":4080,"href":"https:\/\/jlggb.net\/blog9\/wp-json\/wp\/v2\/posts\/3888\/revisions\/4080"}],"wp:attachment":[{"href":"https:\/\/jlggb.net\/blog9\/wp-json\/wp\/v2\/media?parent=3888"}],"wp:term":[{"taxonomy":"category","embeddable":true,"href":"https:\/\/jlggb.net\/blog9\/wp-json\/wp\/v2\/categories?post=3888"},{"taxonomy":"post_tag","embeddable":true,"href":"https:\/\/jlggb.net\/blog9\/wp-json\/wp\/v2\/tags?post=3888"}],"curies":[{"name":"wp","href":"https:\/\/api.w.org\/{rel}","templated":true}]}}