{"id":3860,"date":"2025-06-26T17:00:11","date_gmt":"2025-06-26T15:00:11","guid":{"rendered":"https:\/\/jlggb.net\/blog9\/?p=3860"},"modified":"2025-06-28T22:52:40","modified_gmt":"2025-06-28T20:52:40","slug":"rien-ne-nous-y-preparait-%e2%88%92-tout-nous-y-preparait","status":"publish","type":"post","link":"https:\/\/jlggb.net\/blog9\/2025\/06\/26\/rien-ne-nous-y-preparait-%e2%88%92-tout-nous-y-preparait\/","title":{"rendered":"Rien ne nous y pr\u00e9parait \u2212 Tout nous y pr\u00e9parait"},"content":{"rendered":"<p><a href=\"https:\/\/jlggb.net\/blog9\/wp-content\/uploads\/2025\/06\/tillmans_valerie_20250626_bright-scaled.jpg\" data-rel=\"lightbox-image-0\" data-imagelightbox=\"0\" data-rl_title=\"\" data-rl_caption=\"\" title=\"\"><img loading=\"lazy\" decoding=\"async\" src=\"https:\/\/jlggb.net\/blog9\/wp-content\/uploads\/2025\/06\/tillmans_valerie_20250626_bright-scaled.jpg\" alt=\"\" width=\"1920\" height=\"2560\" class=\"alignnone size-full wp-image-3882\" srcset=\"https:\/\/jlggb.net\/blog9\/wp-content\/uploads\/2025\/06\/tillmans_valerie_20250626_bright-scaled.jpg 1920w, https:\/\/jlggb.net\/blog9\/wp-content\/uploads\/2025\/06\/tillmans_valerie_20250626_bright-225x300.jpg 225w, https:\/\/jlggb.net\/blog9\/wp-content\/uploads\/2025\/06\/tillmans_valerie_20250626_bright-768x1024.jpg 768w, https:\/\/jlggb.net\/blog9\/wp-content\/uploads\/2025\/06\/tillmans_valerie_20250626_bright-1152x1536.jpg 1152w, https:\/\/jlggb.net\/blog9\/wp-content\/uploads\/2025\/06\/tillmans_valerie_20250626_bright-1536x2048.jpg 1536w\" sizes=\"auto, (max-width: 1920px) 100vw, 1920px\" \/><\/a><br \/>\nJeudi 26 juin 2025, 17h, Centre Pompidou. L\u2019exposition Wolfgang Tillmans, \u00ab Rien ne nous y pr\u00e9parait \u2212 Tout nous y pr\u00e9parait\u00a0\u00bb, dans l\u2019immense espace de la BPI, est d&rsquo;une superbe complexit\u00e9. Elle s\u2019offre comme une \u00e9vidence, \u00e0 explorer avec les autres, \u00e0 consulter. On la cherchait, elle est bien l\u00e0, sur les tables tout au bout&nbsp;: notre \u00e9tudiante&nbsp;! deuxi\u00e8me photo du livre de Wolfgang Tillmans, <em>Portraits<\/em>, Walter K\u00f6nig, K\u00f6ln, 2001.<\/p>\n","protected":false},"excerpt":{"rendered":"<p>Jeudi 26 juin 2025, 17h, Centre Pompidou. L\u2019exposition Wolfgang Tillmans, \u00ab Rien ne nous y pr\u00e9parait \u2212 Tout nous y pr\u00e9parait\u00a0\u00bb, dans l\u2019immense espace de la BPI, est d&rsquo;une superbe complexit\u00e9. Elle s\u2019offre comme une \u00e9vidence, \u00e0 explorer avec les autres, \u00e0 consulter. On la cherchait, elle est bien l\u00e0, sur les tables tout au &hellip; <a href=\"https:\/\/jlggb.net\/blog9\/2025\/06\/26\/rien-ne-nous-y-preparait-%e2%88%92-tout-nous-y-preparait\/\" class=\"more-link\">Continuer la lecture de <span class=\"screen-reader-text\">Rien ne nous y pr\u00e9parait \u2212 Tout nous y pr\u00e9parait<\/span><\/a><\/p>\n","protected":false},"author":1,"featured_media":0,"comment_status":"closed","ping_status":"closed","sticky":false,"template":"","format":"standard","meta":{"footnotes":""},"categories":[15,134,22,11],"tags":[415,539],"class_list":["post-3860","post","type-post","status-publish","format-standard","hentry","category-art","category-circonstances","category-evenement","category-relation","tag-livre","tag-souvenir"],"_links":{"self":[{"href":"https:\/\/jlggb.net\/blog9\/wp-json\/wp\/v2\/posts\/3860","targetHints":{"allow":["GET"]}}],"collection":[{"href":"https:\/\/jlggb.net\/blog9\/wp-json\/wp\/v2\/posts"}],"about":[{"href":"https:\/\/jlggb.net\/blog9\/wp-json\/wp\/v2\/types\/post"}],"author":[{"embeddable":true,"href":"https:\/\/jlggb.net\/blog9\/wp-json\/wp\/v2\/users\/1"}],"replies":[{"embeddable":true,"href":"https:\/\/jlggb.net\/blog9\/wp-json\/wp\/v2\/comments?post=3860"}],"version-history":[{"count":5,"href":"https:\/\/jlggb.net\/blog9\/wp-json\/wp\/v2\/posts\/3860\/revisions"}],"predecessor-version":[{"id":3883,"href":"https:\/\/jlggb.net\/blog9\/wp-json\/wp\/v2\/posts\/3860\/revisions\/3883"}],"wp:attachment":[{"href":"https:\/\/jlggb.net\/blog9\/wp-json\/wp\/v2\/media?parent=3860"}],"wp:term":[{"taxonomy":"category","embeddable":true,"href":"https:\/\/jlggb.net\/blog9\/wp-json\/wp\/v2\/categories?post=3860"},{"taxonomy":"post_tag","embeddable":true,"href":"https:\/\/jlggb.net\/blog9\/wp-json\/wp\/v2\/tags?post=3860"}],"curies":[{"name":"wp","href":"https:\/\/api.w.org\/{rel}","templated":true}]}}