{"id":3692,"date":"2025-06-09T14:00:51","date_gmt":"2025-06-09T12:00:51","guid":{"rendered":"https:\/\/jlggb.net\/blog9\/?p=3692"},"modified":"2025-06-09T14:21:34","modified_gmt":"2025-06-09T12:21:34","slug":"le-numero-55-de-la-couleur-des-jours","status":"publish","type":"post","link":"https:\/\/jlggb.net\/blog9\/2025\/06\/09\/le-numero-55-de-la-couleur-des-jours\/","title":{"rendered":"Le num\u00e9ro 55 de La Couleur des jours"},"content":{"rendered":"<p><a href=\"https:\/\/jlggb.net\/blog9\/wp-content\/uploads\/2025\/06\/cdj_55_jlggb-scaled.jpg\" data-rel=\"lightbox-image-0\" data-imagelightbox=\"0\" data-rl_title=\"\" data-rl_caption=\"\" title=\"\"><img loading=\"lazy\" decoding=\"async\" src=\"https:\/\/jlggb.net\/blog9\/wp-content\/uploads\/2025\/06\/cdj_55_jlggb-scaled.jpg\" alt=\"\" width=\"1535\" height=\"2560\" class=\"alignnone size-full wp-image-3696\" srcset=\"https:\/\/jlggb.net\/blog9\/wp-content\/uploads\/2025\/06\/cdj_55_jlggb-scaled.jpg 1535w, https:\/\/jlggb.net\/blog9\/wp-content\/uploads\/2025\/06\/cdj_55_jlggb-180x300.jpg 180w, https:\/\/jlggb.net\/blog9\/wp-content\/uploads\/2025\/06\/cdj_55_jlggb-1799x3000.jpg 1799w, https:\/\/jlggb.net\/blog9\/wp-content\/uploads\/2025\/06\/cdj_55_jlggb-768x1281.jpg 768w, https:\/\/jlggb.net\/blog9\/wp-content\/uploads\/2025\/06\/cdj_55_jlggb-921x1536.jpg 921w, https:\/\/jlggb.net\/blog9\/wp-content\/uploads\/2025\/06\/cdj_55_jlggb-1228x2048.jpg 1228w\" sizes=\"auto, (max-width: 1535px) 100vw, 1535px\" \/><\/a><\/p>\n<p>Dimanche 8 juin 2025, 20h. <em>La Couleur des jours<\/em>, num\u00e9ro 55, \u00e9t\u00e9 2025. Exploration \u00e0 la recherche d&rsquo;une vue en couleurs.<\/p>\n","protected":false},"excerpt":{"rendered":"<p>Dimanche 8 juin 2025, 20h. La Couleur des jours, num\u00e9ro 55, \u00e9t\u00e9 2025. Exploration \u00e0 la recherche d&rsquo;une vue en couleurs.<\/p>\n","protected":false},"author":1,"featured_media":0,"comment_status":"closed","ping_status":"closed","sticky":false,"template":"","format":"standard","meta":{"footnotes":""},"categories":[10,19],"tags":[310,443,93],"class_list":["post-3692","post","type-post","status-publish","format-standard","hentry","category-couleur","category-vue","tag-la-couleur-des-jours","tag-paysage","tag-peinture"],"_links":{"self":[{"href":"https:\/\/jlggb.net\/blog9\/wp-json\/wp\/v2\/posts\/3692","targetHints":{"allow":["GET"]}}],"collection":[{"href":"https:\/\/jlggb.net\/blog9\/wp-json\/wp\/v2\/posts"}],"about":[{"href":"https:\/\/jlggb.net\/blog9\/wp-json\/wp\/v2\/types\/post"}],"author":[{"embeddable":true,"href":"https:\/\/jlggb.net\/blog9\/wp-json\/wp\/v2\/users\/1"}],"replies":[{"embeddable":true,"href":"https:\/\/jlggb.net\/blog9\/wp-json\/wp\/v2\/comments?post=3692"}],"version-history":[{"count":6,"href":"https:\/\/jlggb.net\/blog9\/wp-json\/wp\/v2\/posts\/3692\/revisions"}],"predecessor-version":[{"id":3699,"href":"https:\/\/jlggb.net\/blog9\/wp-json\/wp\/v2\/posts\/3692\/revisions\/3699"}],"wp:attachment":[{"href":"https:\/\/jlggb.net\/blog9\/wp-json\/wp\/v2\/media?parent=3692"}],"wp:term":[{"taxonomy":"category","embeddable":true,"href":"https:\/\/jlggb.net\/blog9\/wp-json\/wp\/v2\/categories?post=3692"},{"taxonomy":"post_tag","embeddable":true,"href":"https:\/\/jlggb.net\/blog9\/wp-json\/wp\/v2\/tags?post=3692"}],"curies":[{"name":"wp","href":"https:\/\/api.w.org\/{rel}","templated":true}]}}