{"id":3510,"date":"2025-05-14T14:00:39","date_gmt":"2025-05-14T12:00:39","guid":{"rendered":"https:\/\/jlggb.net\/blog9\/?p=3510"},"modified":"2025-05-15T10:48:31","modified_gmt":"2025-05-15T08:48:31","slug":"quand-les-attitudes-de-viennent-forme","status":"publish","type":"post","link":"https:\/\/jlggb.net\/blog9\/2025\/05\/14\/quand-les-attitudes-de-viennent-forme\/","title":{"rendered":"Quand les attitudes deviennent forme"},"content":{"rendered":"<p><a href=\"https:\/\/jlggb.net\/blog9\/wp-content\/uploads\/2025\/05\/carre_creux_geneve_bis_20250514-scaled.jpg\" data-rel=\"lightbox-image-0\" data-imagelightbox=\"0\" data-rl_title=\"\" data-rl_caption=\"\" title=\"\"><img loading=\"lazy\" decoding=\"async\" src=\"https:\/\/jlggb.net\/blog9\/wp-content\/uploads\/2025\/05\/carre_creux_geneve_bis_20250514-scaled.jpg\" alt=\"\" width=\"2560\" height=\"1920\" class=\"alignnone size-full wp-image-3511\" srcset=\"https:\/\/jlggb.net\/blog9\/wp-content\/uploads\/2025\/05\/carre_creux_geneve_bis_20250514-scaled.jpg 2560w, https:\/\/jlggb.net\/blog9\/wp-content\/uploads\/2025\/05\/carre_creux_geneve_bis_20250514-300x225.jpg 300w, https:\/\/jlggb.net\/blog9\/wp-content\/uploads\/2025\/05\/carre_creux_geneve_bis_20250514-768x576.jpg 768w, https:\/\/jlggb.net\/blog9\/wp-content\/uploads\/2025\/05\/carre_creux_geneve_bis_20250514-1536x1152.jpg 1536w, https:\/\/jlggb.net\/blog9\/wp-content\/uploads\/2025\/05\/carre_creux_geneve_bis_20250514-2048x1536.jpg 2048w\" sizes=\"auto, (max-width: 2560px) 100vw, 2560px\" \/><\/a><br \/>\nMercredi 14 mai 2025, 14h, rue Leschot, Les Philosophes, Gen\u00e8ve. \u00c0 l&rsquo;entr\u00e9e de l&rsquo;immeuble, un panneau a \u00e9t\u00e9 enlev\u00e9 alors que le mur avait \u00e9t\u00e9 enduit et repeint. En avril 1969, \u00e0 la Kunsthalle de Berne, je vois \u00ab\u00a0Quand les attitudes deviennent forme\u00a0\u00bb, exposition con\u00e7ue par Harald Szeemann. Elle restera avec un avant et un apr\u00e8s. Les propositions sont fabriqu\u00e9es sur place. Lawrence Weiner d\u00e9tache avec un burin le pl\u00e2tre d&rsquo;un mur de l&rsquo;escalier, sur un carr\u00e9 d&rsquo;un m\u00e8tre de c\u00f4t\u00e9. Film\u00e9 par la t\u00e9l\u00e9vision, il dit en substance&nbsp;: \u00ab Elle n&rsquo;est pas pr\u00e9cieuse et unique, elle est la m\u00eame partout o\u00f9 elle est faite, d&rsquo;autres peuvent la faire, elle est l\u00e0 pour \u00eatre pr\u00e9sent\u00e9e, elle est int\u00e9ressante \u00e0 regarder, vous pouvez la garder en m\u00e9moire le reste de votre vie. \u00bb<\/p>\n","protected":false},"excerpt":{"rendered":"<p>Mercredi 14 mai 2025, 14h, rue Leschot, Les Philosophes, Gen\u00e8ve. \u00c0 l&rsquo;entr\u00e9e de l&rsquo;immeuble, un panneau a \u00e9t\u00e9 enlev\u00e9 alors que le mur avait \u00e9t\u00e9 enduit et repeint. En avril 1969, \u00e0 la Kunsthalle de Berne, je vois \u00ab\u00a0Quand les attitudes deviennent forme\u00a0\u00bb, exposition con\u00e7ue par Harald Szeemann. Elle restera avec un avant et un &hellip; <a href=\"https:\/\/jlggb.net\/blog9\/2025\/05\/14\/quand-les-attitudes-de-viennent-forme\/\" class=\"more-link\">Continuer la lecture de <span class=\"screen-reader-text\">Quand les attitudes deviennent forme<\/span><\/a><\/p>\n","protected":false},"author":1,"featured_media":0,"comment_status":"closed","ping_status":"closed","sticky":false,"template":"","format":"standard","meta":{"footnotes":""},"categories":[15,5,7,18,19],"tags":[517,518],"class_list":["post-3510","post","type-post","status-publish","format-standard","hentry","category-art","category-histoire","category-moment","category-vie","category-vue","tag-harald-szeemann","tag-lawrence-weiner"],"_links":{"self":[{"href":"https:\/\/jlggb.net\/blog9\/wp-json\/wp\/v2\/posts\/3510","targetHints":{"allow":["GET"]}}],"collection":[{"href":"https:\/\/jlggb.net\/blog9\/wp-json\/wp\/v2\/posts"}],"about":[{"href":"https:\/\/jlggb.net\/blog9\/wp-json\/wp\/v2\/types\/post"}],"author":[{"embeddable":true,"href":"https:\/\/jlggb.net\/blog9\/wp-json\/wp\/v2\/users\/1"}],"replies":[{"embeddable":true,"href":"https:\/\/jlggb.net\/blog9\/wp-json\/wp\/v2\/comments?post=3510"}],"version-history":[{"count":9,"href":"https:\/\/jlggb.net\/blog9\/wp-json\/wp\/v2\/posts\/3510\/revisions"}],"predecessor-version":[{"id":3520,"href":"https:\/\/jlggb.net\/blog9\/wp-json\/wp\/v2\/posts\/3510\/revisions\/3520"}],"wp:attachment":[{"href":"https:\/\/jlggb.net\/blog9\/wp-json\/wp\/v2\/media?parent=3510"}],"wp:term":[{"taxonomy":"category","embeddable":true,"href":"https:\/\/jlggb.net\/blog9\/wp-json\/wp\/v2\/categories?post=3510"},{"taxonomy":"post_tag","embeddable":true,"href":"https:\/\/jlggb.net\/blog9\/wp-json\/wp\/v2\/tags?post=3510"}],"curies":[{"name":"wp","href":"https:\/\/api.w.org\/{rel}","templated":true}]}}