{"id":3394,"date":"2025-02-13T15:30:27","date_gmt":"2025-02-13T14:30:27","guid":{"rendered":"https:\/\/jlggb.net\/blog9\/?p=3394"},"modified":"2025-05-01T20:06:23","modified_gmt":"2025-05-01T18:06:23","slug":"le-detail-dun-diplome","status":"publish","type":"post","link":"https:\/\/jlggb.net\/blog9\/2025\/02\/13\/le-detail-dun-diplome\/","title":{"rendered":"Le d\u00e9tail d&rsquo;un dipl\u00f4me"},"content":{"rendered":"<p><a href=\"https:\/\/jlggb.net\/blog9\/wp-content\/uploads\/2025\/05\/nagoya_nuad_travaux_pers_20250213-scaled.jpg\" data-rel=\"lightbox-image-0\" data-imagelightbox=\"0\" data-rl_title=\"\" data-rl_caption=\"\" title=\"\"><img loading=\"lazy\" decoding=\"async\" src=\"https:\/\/jlggb.net\/blog9\/wp-content\/uploads\/2025\/05\/nagoya_nuad_travaux_pers_20250213-scaled.jpg\" alt=\"\" width=\"2560\" height=\"2560\" class=\"alignnone size-full wp-image-3395\" srcset=\"https:\/\/jlggb.net\/blog9\/wp-content\/uploads\/2025\/05\/nagoya_nuad_travaux_pers_20250213-scaled.jpg 2560w, https:\/\/jlggb.net\/blog9\/wp-content\/uploads\/2025\/05\/nagoya_nuad_travaux_pers_20250213-300x300.jpg 300w, https:\/\/jlggb.net\/blog9\/wp-content\/uploads\/2025\/05\/nagoya_nuad_travaux_pers_20250213-150x150.jpg 150w, https:\/\/jlggb.net\/blog9\/wp-content\/uploads\/2025\/05\/nagoya_nuad_travaux_pers_20250213-768x768.jpg 768w, https:\/\/jlggb.net\/blog9\/wp-content\/uploads\/2025\/05\/nagoya_nuad_travaux_pers_20250213-1536x1536.jpg 1536w, https:\/\/jlggb.net\/blog9\/wp-content\/uploads\/2025\/05\/nagoya_nuad_travaux_pers_20250213-2048x2048.jpg 2048w\" sizes=\"auto, (max-width: 2560px) 100vw, 2560px\" \/><\/a><br \/>\nJeudi 13 f\u00e9vrier 2025, 15h30, Universit\u00e9 d&rsquo;art et design de Nagoya. L&rsquo;exposition de fin d&rsquo;ann\u00e9e, avec les propositions des dipl\u00f4mes, est sur le point d&rsquo;ouvrir. Dans l&rsquo;installation d&rsquo;une \u00e9tudiante, une cr\u00e9ature qui appara\u00eet dans la suspension de v\u00eatements us\u00e9s selon un point de vue particulier, il y a au sol le diagramme de cette perspective.<\/p>\n","protected":false},"excerpt":{"rendered":"<p>Jeudi 13 f\u00e9vrier 2025, 15h30, Universit\u00e9 d&rsquo;art et design de Nagoya. L&rsquo;exposition de fin d&rsquo;ann\u00e9e, avec les propositions des dipl\u00f4mes, est sur le point d&rsquo;ouvrir. Dans l&rsquo;installation d&rsquo;une \u00e9tudiante, une cr\u00e9ature qui appara\u00eet dans la suspension de v\u00eatements us\u00e9s selon un point de vue particulier, il y a au sol le diagramme de cette perspective.<\/p>\n","protected":false},"author":1,"featured_media":0,"comment_status":"closed","ping_status":"closed","sticky":false,"template":"","format":"standard","meta":{"footnotes":""},"categories":[363,15,16,22],"tags":[507,506],"class_list":["post-3394","post","type-post","status-publish","format-standard","hentry","category-japon","category-art","category-design","category-evenement","tag-fil","tag-perspective"],"_links":{"self":[{"href":"https:\/\/jlggb.net\/blog9\/wp-json\/wp\/v2\/posts\/3394","targetHints":{"allow":["GET"]}}],"collection":[{"href":"https:\/\/jlggb.net\/blog9\/wp-json\/wp\/v2\/posts"}],"about":[{"href":"https:\/\/jlggb.net\/blog9\/wp-json\/wp\/v2\/types\/post"}],"author":[{"embeddable":true,"href":"https:\/\/jlggb.net\/blog9\/wp-json\/wp\/v2\/users\/1"}],"replies":[{"embeddable":true,"href":"https:\/\/jlggb.net\/blog9\/wp-json\/wp\/v2\/comments?post=3394"}],"version-history":[{"count":3,"href":"https:\/\/jlggb.net\/blog9\/wp-json\/wp\/v2\/posts\/3394\/revisions"}],"predecessor-version":[{"id":3398,"href":"https:\/\/jlggb.net\/blog9\/wp-json\/wp\/v2\/posts\/3394\/revisions\/3398"}],"wp:attachment":[{"href":"https:\/\/jlggb.net\/blog9\/wp-json\/wp\/v2\/media?parent=3394"}],"wp:term":[{"taxonomy":"category","embeddable":true,"href":"https:\/\/jlggb.net\/blog9\/wp-json\/wp\/v2\/categories?post=3394"},{"taxonomy":"post_tag","embeddable":true,"href":"https:\/\/jlggb.net\/blog9\/wp-json\/wp\/v2\/tags?post=3394"}],"curies":[{"name":"wp","href":"https:\/\/api.w.org\/{rel}","templated":true}]}}