{"id":3198,"date":"2025-04-25T23:00:07","date_gmt":"2025-04-25T21:00:07","guid":{"rendered":"https:\/\/jlggb.net\/blog9\/?p=3198"},"modified":"2025-07-05T11:58:17","modified_gmt":"2025-07-05T09:58:17","slug":"utiliser-la-vie-des-objets-ch-1xx","status":"publish","type":"post","link":"https:\/\/jlggb.net\/blog9\/2025\/04\/25\/utiliser-la-vie-des-objets-ch-1xx\/","title":{"rendered":"Utiliser (La vie des objets. Ch. 189)"},"content":{"rendered":"<p><a href=\"https:\/\/jlggb.net\/blog9\/wp-content\/uploads\/2025\/04\/nina_azoulay_collet_vitry_20250425-scaled.jpg\" data-rel=\"lightbox-image-0\" data-imagelightbox=\"0\" data-rl_title=\"\" data-rl_caption=\"\" title=\"\"><img loading=\"lazy\" decoding=\"async\" src=\"https:\/\/jlggb.net\/blog9\/wp-content\/uploads\/2025\/04\/nina_azoulay_collet_vitry_20250425-scaled.jpg\" alt=\"\" width=\"2560\" height=\"1920\" class=\"alignnone size-full wp-image-3204\" \/><\/a><br \/>\nVendredi 25 avril 2025, 23h, Paris. Lors du vernissage, \u00e0 la Galerie municipale Jean Collet de Vitry, de l&rsquo;exposition \u00ab Les Lavandi\u00e8res\u00a0\u00bb, un objet provoque la question&nbsp;: pourquoi est-il l\u00e0&nbsp;? On a reconnu un si\u00e8ge de douche vu dans un h\u00f4pital. Si elle s&rsquo;ouvre sur l&rsquo;image des lavoirs, l&rsquo;exposition aborde les douches car le b\u00e2timent \u00e9tait autrefois un bains-douches municipal. L&rsquo;artiste Nina Azoulay, en montrant des v\u00eatements r\u00e9cup\u00e9r\u00e9s, incite \u00e0 s&rsquo;asseoir pour les percevoir comme personnages. Ce n&rsquo;est donc pas un ready-made, m\u00eame si la parent\u00e9 est bien pr\u00e9sente. Un deuxi\u00e8me usage appara\u00eet avec la photo. Elle est plac\u00e9e dans Google Lens qui va afficher beaucoup de tels strapontins hygi\u00e9niques, mais pas celui-l\u00e0. L&rsquo;intelligence vivante suppl\u00e9e alors \u00e0 l&rsquo;IA. Ce mod\u00e8le est de la marque AKW-Medicare\u00ae, \u00ab\u00a0S\u00e9rie 2000 si\u00e8ge rembourr\u00e9 avec dossier et accoudoirs \u00bb, mais ses coussins sont absents. C&rsquo;est peut-\u00eatre la raison de sa disponibilit\u00e9 pour l&rsquo;art.<\/p>\n","protected":false},"excerpt":{"rendered":"<p>Vendredi 25 avril 2025, 23h, Paris. Lors du vernissage, \u00e0 la Galerie municipale Jean Collet de Vitry, de l&rsquo;exposition \u00ab Les Lavandi\u00e8res\u00a0\u00bb, un objet provoque la question&nbsp;: pourquoi est-il l\u00e0&nbsp;? On a reconnu un si\u00e8ge de douche vu dans un h\u00f4pital. Si elle s&rsquo;ouvre sur l&rsquo;image des lavoirs, l&rsquo;exposition aborde les douches car le b\u00e2timent &hellip; <a href=\"https:\/\/jlggb.net\/blog9\/2025\/04\/25\/utiliser-la-vie-des-objets-ch-1xx\/\" class=\"more-link\">Continuer la lecture de <span class=\"screen-reader-text\">Utiliser (La vie des objets. Ch. 189)<\/span><\/a><\/p>\n","protected":false},"author":1,"featured_media":0,"comment_status":"closed","ping_status":"closed","sticky":false,"template":"","format":"standard","meta":{"footnotes":""},"categories":[238,15,9,11],"tags":[197,482,483,481],"class_list":["post-3198","post","type-post","status-publish","format-standard","hentry","category-viedesobjets","category-art","category-objet","category-relation","tag-blanc","tag-douche","tag-hygiene","tag-siege"],"_links":{"self":[{"href":"https:\/\/jlggb.net\/blog9\/wp-json\/wp\/v2\/posts\/3198","targetHints":{"allow":["GET"]}}],"collection":[{"href":"https:\/\/jlggb.net\/blog9\/wp-json\/wp\/v2\/posts"}],"about":[{"href":"https:\/\/jlggb.net\/blog9\/wp-json\/wp\/v2\/types\/post"}],"author":[{"embeddable":true,"href":"https:\/\/jlggb.net\/blog9\/wp-json\/wp\/v2\/users\/1"}],"replies":[{"embeddable":true,"href":"https:\/\/jlggb.net\/blog9\/wp-json\/wp\/v2\/comments?post=3198"}],"version-history":[{"count":20,"href":"https:\/\/jlggb.net\/blog9\/wp-json\/wp\/v2\/posts\/3198\/revisions"}],"predecessor-version":[{"id":4090,"href":"https:\/\/jlggb.net\/blog9\/wp-json\/wp\/v2\/posts\/3198\/revisions\/4090"}],"wp:attachment":[{"href":"https:\/\/jlggb.net\/blog9\/wp-json\/wp\/v2\/media?parent=3198"}],"wp:term":[{"taxonomy":"category","embeddable":true,"href":"https:\/\/jlggb.net\/blog9\/wp-json\/wp\/v2\/categories?post=3198"},{"taxonomy":"post_tag","embeddable":true,"href":"https:\/\/jlggb.net\/blog9\/wp-json\/wp\/v2\/tags?post=3198"}],"curies":[{"name":"wp","href":"https:\/\/api.w.org\/{rel}","templated":true}]}}