{"id":2976,"date":"2025-01-08T16:00:21","date_gmt":"2025-01-08T15:00:21","guid":{"rendered":"https:\/\/jlggb.net\/blog9\/?p=2976"},"modified":"2025-05-02T23:19:35","modified_gmt":"2025-05-02T21:19:35","slug":"le-montage","status":"publish","type":"post","link":"https:\/\/jlggb.net\/blog9\/2025\/01\/08\/le-montage\/","title":{"rendered":"Le montage"},"content":{"rendered":"<p><a href=\"https:\/\/jlggb.net\/blog9\/wp-content\/uploads\/2025\/01\/gifu_vitrines_gauche_20250109-scaled.jpg\" data-rel=\"lightbox-image-0\" data-imagelightbox=\"0\" data-rl_title=\"\" data-rl_caption=\"\" title=\"\"><img loading=\"lazy\" decoding=\"async\" src=\"https:\/\/jlggb.net\/blog9\/wp-content\/uploads\/2025\/01\/gifu_vitrines_gauche_20250109-scaled.jpg\" alt=\"\" width=\"2560\" height=\"1920\" class=\"alignnone size-full wp-image-3432\" srcset=\"https:\/\/jlggb.net\/blog9\/wp-content\/uploads\/2025\/01\/gifu_vitrines_gauche_20250109-scaled.jpg 2560w, https:\/\/jlggb.net\/blog9\/wp-content\/uploads\/2025\/01\/gifu_vitrines_gauche_20250109-300x225.jpg 300w, https:\/\/jlggb.net\/blog9\/wp-content\/uploads\/2025\/01\/gifu_vitrines_gauche_20250109-768x576.jpg 768w, https:\/\/jlggb.net\/blog9\/wp-content\/uploads\/2025\/01\/gifu_vitrines_gauche_20250109-1536x1152.jpg 1536w, https:\/\/jlggb.net\/blog9\/wp-content\/uploads\/2025\/01\/gifu_vitrines_gauche_20250109-2048x1536.jpg 2048w\" sizes=\"auto, (max-width: 2560px) 100vw, 2560px\" \/><\/a><br \/>\n<a href=\"https:\/\/jlggb.net\/blog9\/wp-content\/uploads\/2025\/04\/gifu_montage_dsc_20250108-scaled.jpg\" data-rel=\"lightbox-image-1\" data-imagelightbox=\"1\" data-rl_title=\"\" data-rl_caption=\"\" title=\"\"><img loading=\"lazy\" decoding=\"async\" src=\"https:\/\/jlggb.net\/blog9\/wp-content\/uploads\/2025\/04\/gifu_montage_dsc_20250108-scaled.jpg\" alt=\"\" width=\"2560\" height=\"1920\" class=\"alignnone size-full wp-image-2977\" \/><\/a><br \/>\nMardi 8 janvier 2025, 16h, Mus\u00e9e d&rsquo;art contemporain de Gifu. L&rsquo;installation, r\u00e9cit en 24 chapitres de <em>(digital) Soba Choko<\/em>, voit son montage s&rsquo;achever par deux jeunes coll\u00e8gues de l&rsquo;Universit\u00e9 d&rsquo;art et design de Nagoya.<br \/>\nVoir 10 mars 2025&nbsp;: <a href=\"https:\/\/jlggb.net\/blog9\/2025\/03\/10\/le-demontage\/\">https:\/\/jlggb.net\/blog9\/2025\/03\/10\/le-demontage\/<\/a><\/p>\n","protected":false},"excerpt":{"rendered":"<p>Mardi 8 janvier 2025, 16h, Mus\u00e9e d&rsquo;art contemporain de Gifu. L&rsquo;installation, r\u00e9cit en 24 chapitres de (digital) Soba Choko, voit son montage s&rsquo;achever par deux jeunes coll\u00e8gues de l&rsquo;Universit\u00e9 d&rsquo;art et design de Nagoya. Voir 10 mars 2025&nbsp;: https:\/\/jlggb.net\/blog9\/2025\/03\/10\/le-demontage\/<\/p>\n","protected":false},"author":1,"featured_media":0,"comment_status":"closed","ping_status":"closed","sticky":false,"template":"","format":"standard","meta":{"footnotes":""},"categories":[363,15,21],"tags":[247],"class_list":["post-2976","post","type-post","status-publish","format-standard","hentry","category-japon","category-art","category-construction","tag-musee"],"_links":{"self":[{"href":"https:\/\/jlggb.net\/blog9\/wp-json\/wp\/v2\/posts\/2976","targetHints":{"allow":["GET"]}}],"collection":[{"href":"https:\/\/jlggb.net\/blog9\/wp-json\/wp\/v2\/posts"}],"about":[{"href":"https:\/\/jlggb.net\/blog9\/wp-json\/wp\/v2\/types\/post"}],"author":[{"embeddable":true,"href":"https:\/\/jlggb.net\/blog9\/wp-json\/wp\/v2\/users\/1"}],"replies":[{"embeddable":true,"href":"https:\/\/jlggb.net\/blog9\/wp-json\/wp\/v2\/comments?post=2976"}],"version-history":[{"count":8,"href":"https:\/\/jlggb.net\/blog9\/wp-json\/wp\/v2\/posts\/2976\/revisions"}],"predecessor-version":[{"id":3433,"href":"https:\/\/jlggb.net\/blog9\/wp-json\/wp\/v2\/posts\/2976\/revisions\/3433"}],"wp:attachment":[{"href":"https:\/\/jlggb.net\/blog9\/wp-json\/wp\/v2\/media?parent=2976"}],"wp:term":[{"taxonomy":"category","embeddable":true,"href":"https:\/\/jlggb.net\/blog9\/wp-json\/wp\/v2\/categories?post=2976"},{"taxonomy":"post_tag","embeddable":true,"href":"https:\/\/jlggb.net\/blog9\/wp-json\/wp\/v2\/tags?post=2976"}],"curies":[{"name":"wp","href":"https:\/\/api.w.org\/{rel}","templated":true}]}}