{"id":290,"date":"2024-02-15T19:00:29","date_gmt":"2024-02-15T18:00:29","guid":{"rendered":"http:\/\/jlggb.net\/blog9\/?p=290"},"modified":"2024-02-16T15:23:29","modified_gmt":"2024-02-16T14:23:29","slug":"toucher-linsense","status":"publish","type":"post","link":"https:\/\/jlggb.net\/blog9\/2024\/02\/15\/toucher-linsense\/","title":{"rendered":"Toucher l\u2019insens\u00e9"},"content":{"rendered":"<p><a href=\"https:\/\/jlggb.net\/blog9\/wp-content\/uploads\/2024\/02\/michel_francois_20240215_square-scaled.jpg\" data-rel=\"lightbox-image-0\" data-imagelightbox=\"0\" data-rl_title=\"\" data-rl_caption=\"\" title=\"\"><img loading=\"lazy\" decoding=\"async\" src=\"https:\/\/jlggb.net\/blog9\/wp-content\/uploads\/2024\/02\/michel_francois_20240215_square-scaled.jpg\" alt=\"\" width=\"640\" height=\"640\" class=\"alignnone size-full wp-image-291\" srcset=\"https:\/\/jlggb.net\/blog9\/wp-content\/uploads\/2024\/02\/michel_francois_20240215_square-scaled.jpg 2560w, https:\/\/jlggb.net\/blog9\/wp-content\/uploads\/2024\/02\/michel_francois_20240215_square-300x300.jpg 300w, https:\/\/jlggb.net\/blog9\/wp-content\/uploads\/2024\/02\/michel_francois_20240215_square-150x150.jpg 150w, https:\/\/jlggb.net\/blog9\/wp-content\/uploads\/2024\/02\/michel_francois_20240215_square-768x768.jpg 768w, https:\/\/jlggb.net\/blog9\/wp-content\/uploads\/2024\/02\/michel_francois_20240215_square-1536x1536.jpg 1536w, https:\/\/jlggb.net\/blog9\/wp-content\/uploads\/2024\/02\/michel_francois_20240215_square-2048x2048.jpg 2048w\" sizes=\"auto, (max-width: 640px) 100vw, 640px\" \/><\/a><br \/>\nJeudi 15 f\u00e9vrier 2024, 19h, Palais de Tokyo, Paris. Michel Fran\u00e7ois, d\u00e9tail de l\u2019installation des \u00e9changes avec les d\u00e9tenus-patients du centre psychiatrique m\u00e9dico-l\u00e9gal De Kijvelanden (Rotterdam), 1996-1997. \u00ab\u00a0Toucher l\u2019insens\u00e9 \u00bb, exposition collective, Palais de Tokyo, Fran\u00e7ois Piron commissaire.<\/p>\n","protected":false},"excerpt":{"rendered":"<p>Jeudi 15 f\u00e9vrier 2024, 19h, Palais de Tokyo, Paris. Michel Fran\u00e7ois, d\u00e9tail de l\u2019installation des \u00e9changes avec les d\u00e9tenus-patients du centre psychiatrique m\u00e9dico-l\u00e9gal De Kijvelanden (Rotterdam), 1996-1997. \u00ab\u00a0Toucher l\u2019insens\u00e9 \u00bb, exposition collective, Palais de Tokyo, Fran\u00e7ois Piron commissaire.<\/p>\n","protected":false},"author":1,"featured_media":0,"comment_status":"closed","ping_status":"closed","sticky":false,"template":"","format":"standard","meta":{"footnotes":""},"categories":[15,11,18],"tags":[87,86],"class_list":["post-290","post","type-post","status-publish","format-standard","hentry","category-art","category-relation","category-vie","tag-pappus","tag-pissenlit"],"_links":{"self":[{"href":"https:\/\/jlggb.net\/blog9\/wp-json\/wp\/v2\/posts\/290","targetHints":{"allow":["GET"]}}],"collection":[{"href":"https:\/\/jlggb.net\/blog9\/wp-json\/wp\/v2\/posts"}],"about":[{"href":"https:\/\/jlggb.net\/blog9\/wp-json\/wp\/v2\/types\/post"}],"author":[{"embeddable":true,"href":"https:\/\/jlggb.net\/blog9\/wp-json\/wp\/v2\/users\/1"}],"replies":[{"embeddable":true,"href":"https:\/\/jlggb.net\/blog9\/wp-json\/wp\/v2\/comments?post=290"}],"version-history":[{"count":2,"href":"https:\/\/jlggb.net\/blog9\/wp-json\/wp\/v2\/posts\/290\/revisions"}],"predecessor-version":[{"id":293,"href":"https:\/\/jlggb.net\/blog9\/wp-json\/wp\/v2\/posts\/290\/revisions\/293"}],"wp:attachment":[{"href":"https:\/\/jlggb.net\/blog9\/wp-json\/wp\/v2\/media?parent=290"}],"wp:term":[{"taxonomy":"category","embeddable":true,"href":"https:\/\/jlggb.net\/blog9\/wp-json\/wp\/v2\/categories?post=290"},{"taxonomy":"post_tag","embeddable":true,"href":"https:\/\/jlggb.net\/blog9\/wp-json\/wp\/v2\/tags?post=290"}],"curies":[{"name":"wp","href":"https:\/\/api.w.org\/{rel}","templated":true}]}}