{"id":2503,"date":"2025-03-23T14:00:00","date_gmt":"2025-03-23T05:00:00","guid":{"rendered":"https:\/\/jlggb.net\/blog9\/?p=2503"},"modified":"2025-07-14T17:39:38","modified_gmt":"2025-07-14T15:39:38","slug":"on-voit-le-lac","status":"publish","type":"post","link":"https:\/\/jlggb.net\/blog9\/2025\/03\/23\/on-voit-le-lac\/","title":{"rendered":"On voit le lac"},"content":{"rendered":"<p><a href=\"https:\/\/jlggb.net\/blog9\/wp-content\/uploads\/2025\/03\/chambery_peinture_lac_202408-scaled.jpg\" data-rel=\"lightbox-image-0\" data-imagelightbox=\"0\" data-rl_title=\"\" data-rl_caption=\"\" title=\"\"><img loading=\"lazy\" decoding=\"async\" src=\"https:\/\/jlggb.net\/blog9\/wp-content\/uploads\/2025\/03\/chambery_peinture_lac_202408-scaled.jpg\" alt=\"\" width=\"2560\" height=\"1847\" class=\"alignnone size-full wp-image-2504\" srcset=\"https:\/\/jlggb.net\/blog9\/wp-content\/uploads\/2025\/03\/chambery_peinture_lac_202408-scaled.jpg 2560w, https:\/\/jlggb.net\/blog9\/wp-content\/uploads\/2025\/03\/chambery_peinture_lac_202408-300x217.jpg 300w, https:\/\/jlggb.net\/blog9\/wp-content\/uploads\/2025\/03\/chambery_peinture_lac_202408-768x554.jpg 768w, https:\/\/jlggb.net\/blog9\/wp-content\/uploads\/2025\/03\/chambery_peinture_lac_202408-1536x1108.jpg 1536w, https:\/\/jlggb.net\/blog9\/wp-content\/uploads\/2025\/03\/chambery_peinture_lac_202408-2048x1478.jpg 2048w\" sizes=\"auto, (max-width: 2560px) 100vw, 2560px\" \/><\/a><br \/>\n<a href=\"https:\/\/jlggb.net\/blog9\/wp-content\/uploads\/2025\/03\/on_voit_le_lac_20250323-scaled.jpg\" data-rel=\"lightbox-image-1\" data-imagelightbox=\"1\" data-rl_title=\"\" data-rl_caption=\"\" title=\"\"><img loading=\"lazy\" decoding=\"async\" src=\"https:\/\/jlggb.net\/blog9\/wp-content\/uploads\/2025\/03\/on_voit_le_lac_20250323-scaled.jpg\" alt=\"\" width=\"2560\" height=\"1920\" class=\"alignnone size-full wp-image-2505\" srcset=\"https:\/\/jlggb.net\/blog9\/wp-content\/uploads\/2025\/03\/on_voit_le_lac_20250323-scaled.jpg 2560w, https:\/\/jlggb.net\/blog9\/wp-content\/uploads\/2025\/03\/on_voit_le_lac_20250323-300x225.jpg 300w, https:\/\/jlggb.net\/blog9\/wp-content\/uploads\/2025\/03\/on_voit_le_lac_20250323-768x576.jpg 768w, https:\/\/jlggb.net\/blog9\/wp-content\/uploads\/2025\/03\/on_voit_le_lac_20250323-1536x1152.jpg 1536w, https:\/\/jlggb.net\/blog9\/wp-content\/uploads\/2025\/03\/on_voit_le_lac_20250323-2048x1536.jpg 2048w\" sizes=\"auto, (max-width: 2560px) 100vw, 2560px\" \/><\/a><br \/>\nDimanche 23 mars 2025, 14h, Pugny-Chetenod, Savoie. Une promenade au-dessus d&rsquo;Aix-les-Bains nous fait appara\u00eetre une vue qui rappelle une peinture. \u00c9tant d\u00e9j\u00e0 publi\u00e9e en 2014, Carolus-Duran (1837-1917), <em>Les pommiers en Savoie, vue sur le lac du Bourget<\/em>, huile sur toile, 1900, d\u00e9p\u00f4t du mus\u00e9e d\u2019Orsay, on peut chercher le point de vue du peintre. Difficile, mais le r\u00e9sultat est satisfaisant. Sans doute un peu plus au sud et peut-\u00eatre un peu plus haut. La prochaine fois on trouvera le champ de pommiers.<br \/>\nVoir la suite, 14 juillet&nbsp;: <a href=\"https:\/\/jlggb.net\/blog9\/2025\/07\/14\/vue-retrouvee\/\">https:\/\/jlggb.net\/blog9\/2025\/07\/14\/vue-retrouvee\/<\/a><\/p>\n","protected":false},"excerpt":{"rendered":"<p>Dimanche 23 mars 2025, 14h, Pugny-Chetenod, Savoie. Une promenade au-dessus d&rsquo;Aix-les-Bains nous fait appara\u00eetre une vue qui rappelle une peinture. \u00c9tant d\u00e9j\u00e0 publi\u00e9e en 2014, Carolus-Duran (1837-1917), Les pommiers en Savoie, vue sur le lac du Bourget, huile sur toile, 1900, d\u00e9p\u00f4t du mus\u00e9e d\u2019Orsay, on peut chercher le point de vue du peintre. Difficile, &hellip; <a href=\"https:\/\/jlggb.net\/blog9\/2025\/03\/23\/on-voit-le-lac\/\" class=\"more-link\">Continuer la lecture de <span class=\"screen-reader-text\">On voit le lac<\/span><\/a><\/p>\n","protected":false},"author":1,"featured_media":0,"comment_status":"closed","ping_status":"closed","sticky":false,"template":"","format":"standard","meta":{"footnotes":""},"categories":[15,13,19],"tags":[93,424],"class_list":["post-2503","post","type-post","status-publish","format-standard","hentry","category-art","category-lieu","category-vue","tag-peinture","tag-point-de-vue"],"_links":{"self":[{"href":"https:\/\/jlggb.net\/blog9\/wp-json\/wp\/v2\/posts\/2503","targetHints":{"allow":["GET"]}}],"collection":[{"href":"https:\/\/jlggb.net\/blog9\/wp-json\/wp\/v2\/posts"}],"about":[{"href":"https:\/\/jlggb.net\/blog9\/wp-json\/wp\/v2\/types\/post"}],"author":[{"embeddable":true,"href":"https:\/\/jlggb.net\/blog9\/wp-json\/wp\/v2\/users\/1"}],"replies":[{"embeddable":true,"href":"https:\/\/jlggb.net\/blog9\/wp-json\/wp\/v2\/comments?post=2503"}],"version-history":[{"count":10,"href":"https:\/\/jlggb.net\/blog9\/wp-json\/wp\/v2\/posts\/2503\/revisions"}],"predecessor-version":[{"id":4244,"href":"https:\/\/jlggb.net\/blog9\/wp-json\/wp\/v2\/posts\/2503\/revisions\/4244"}],"wp:attachment":[{"href":"https:\/\/jlggb.net\/blog9\/wp-json\/wp\/v2\/media?parent=2503"}],"wp:term":[{"taxonomy":"category","embeddable":true,"href":"https:\/\/jlggb.net\/blog9\/wp-json\/wp\/v2\/categories?post=2503"},{"taxonomy":"post_tag","embeddable":true,"href":"https:\/\/jlggb.net\/blog9\/wp-json\/wp\/v2\/tags?post=2503"}],"curies":[{"name":"wp","href":"https:\/\/api.w.org\/{rel}","templated":true}]}}