{"id":2437,"date":"2025-03-05T20:00:16","date_gmt":"2025-03-05T11:00:16","guid":{"rendered":"https:\/\/jlggb.net\/blog9\/?p=2437"},"modified":"2025-11-24T14:01:26","modified_gmt":"2025-11-24T13:01:26","slug":"le-numero-54-de-la-couleur-des-jours","status":"publish","type":"post","link":"https:\/\/jlggb.net\/blog9\/2025\/03\/05\/le-numero-54-de-la-couleur-des-jours\/","title":{"rendered":"Le num\u00e9ro 54 de La Couleur des jours"},"content":{"rendered":"<p><a href=\"https:\/\/jlggb.net\/blog9\/wp-content\/uploads\/2025\/03\/cdj_54_jlggb-scaled.jpg\" data-rel=\"lightbox-image-0\" data-imagelightbox=\"0\" data-rl_title=\"\" data-rl_caption=\"\" title=\"\"><img loading=\"lazy\" decoding=\"async\" src=\"https:\/\/jlggb.net\/blog9\/wp-content\/uploads\/2025\/03\/cdj_54_jlggb-scaled.jpg\" alt=\"\" width=\"1535\" height=\"2560\" class=\"alignnone size-full wp-image-2442\" srcset=\"https:\/\/jlggb.net\/blog9\/wp-content\/uploads\/2025\/03\/cdj_54_jlggb-scaled.jpg 1535w, https:\/\/jlggb.net\/blog9\/wp-content\/uploads\/2025\/03\/cdj_54_jlggb-180x300.jpg 180w, https:\/\/jlggb.net\/blog9\/wp-content\/uploads\/2025\/03\/cdj_54_jlggb-1799x3000.jpg 1799w, https:\/\/jlggb.net\/blog9\/wp-content\/uploads\/2025\/03\/cdj_54_jlggb-768x1281.jpg 768w, https:\/\/jlggb.net\/blog9\/wp-content\/uploads\/2025\/03\/cdj_54_jlggb-921x1536.jpg 921w, https:\/\/jlggb.net\/blog9\/wp-content\/uploads\/2025\/03\/cdj_54_jlggb-1228x2048.jpg 1228w\" sizes=\"auto, (max-width: 1535px) 100vw, 1535px\" \/><\/a><br \/>\nMercredi 5 mars 2025, 20h. <em>La Couleur des jours<\/em>, num\u00e9ro 54, printemps 2025. Observations, d\u00e9tails probablement signifiants de la r\u00e9alit\u00e9 japonaise.<\/p>\n","protected":false},"excerpt":{"rendered":"<p>Mercredi 5 mars 2025, 20h. La Couleur des jours, num\u00e9ro 54, printemps 2025. Observations, d\u00e9tails probablement signifiants de la r\u00e9alit\u00e9 japonaise.<\/p>\n","protected":false},"author":1,"featured_media":0,"comment_status":"closed","ping_status":"closed","sticky":false,"template":"","format":"standard","meta":{"footnotes":""},"categories":[363],"tags":[414,310,375,369],"class_list":["post-2437","post","type-post","status-publish","format-standard","hentry","category-japon","tag-cube","tag-la-couleur-des-jours","tag-neige","tag-voiture"],"_links":{"self":[{"href":"https:\/\/jlggb.net\/blog9\/wp-json\/wp\/v2\/posts\/2437","targetHints":{"allow":["GET"]}}],"collection":[{"href":"https:\/\/jlggb.net\/blog9\/wp-json\/wp\/v2\/posts"}],"about":[{"href":"https:\/\/jlggb.net\/blog9\/wp-json\/wp\/v2\/types\/post"}],"author":[{"embeddable":true,"href":"https:\/\/jlggb.net\/blog9\/wp-json\/wp\/v2\/users\/1"}],"replies":[{"embeddable":true,"href":"https:\/\/jlggb.net\/blog9\/wp-json\/wp\/v2\/comments?post=2437"}],"version-history":[{"count":6,"href":"https:\/\/jlggb.net\/blog9\/wp-json\/wp\/v2\/posts\/2437\/revisions"}],"predecessor-version":[{"id":2444,"href":"https:\/\/jlggb.net\/blog9\/wp-json\/wp\/v2\/posts\/2437\/revisions\/2444"}],"wp:attachment":[{"href":"https:\/\/jlggb.net\/blog9\/wp-json\/wp\/v2\/media?parent=2437"}],"wp:term":[{"taxonomy":"category","embeddable":true,"href":"https:\/\/jlggb.net\/blog9\/wp-json\/wp\/v2\/categories?post=2437"},{"taxonomy":"post_tag","embeddable":true,"href":"https:\/\/jlggb.net\/blog9\/wp-json\/wp\/v2\/tags?post=2437"}],"curies":[{"name":"wp","href":"https:\/\/api.w.org\/{rel}","templated":true}]}}