{"id":2142,"date":"2025-01-02T12:00:09","date_gmt":"2025-01-02T03:00:09","guid":{"rendered":"https:\/\/jlggb.net\/blog9\/?p=2142"},"modified":"2025-01-10T21:06:54","modified_gmt":"2025-01-10T12:06:54","slug":"verdure","status":"publish","type":"post","link":"https:\/\/jlggb.net\/blog9\/2025\/01\/02\/verdure\/","title":{"rendered":"Verdure au premier \u00e9tage"},"content":{"rendered":"<p><a href=\"https:\/\/jlggb.net\/blog9\/wp-content\/uploads\/2025\/01\/kyoto_cafee_verdure_20250102-scaled.jpg\" data-rel=\"lightbox-image-0\" data-imagelightbox=\"0\" data-rl_title=\"\" data-rl_caption=\"\" title=\"\"><img loading=\"lazy\" decoding=\"async\" src=\"https:\/\/jlggb.net\/blog9\/wp-content\/uploads\/2025\/01\/kyoto_cafee_verdure_20250102-scaled.jpg\" alt=\"\" width=\"2560\" height=\"1920\" class=\"alignnone size-full wp-image-2143\" srcset=\"https:\/\/jlggb.net\/blog9\/wp-content\/uploads\/2025\/01\/kyoto_cafee_verdure_20250102-scaled.jpg 2560w, https:\/\/jlggb.net\/blog9\/wp-content\/uploads\/2025\/01\/kyoto_cafee_verdure_20250102-300x225.jpg 300w, https:\/\/jlggb.net\/blog9\/wp-content\/uploads\/2025\/01\/kyoto_cafee_verdure_20250102-768x576.jpg 768w, https:\/\/jlggb.net\/blog9\/wp-content\/uploads\/2025\/01\/kyoto_cafee_verdure_20250102-1536x1152.jpg 1536w, https:\/\/jlggb.net\/blog9\/wp-content\/uploads\/2025\/01\/kyoto_cafee_verdure_20250102-2048x1536.jpg 2048w\" sizes=\"auto, (max-width: 2560px) 100vw, 2560px\" \/><\/a><br \/>\nJeudi 2 janvier 2025, 12h, Excelsior Caff\u00e9 (de la cha\u00eene Doutor), Shijo Dori, non loin de l&rsquo;avenue Karasuma, Kyoto. Au premier \u00e9tage du caf\u00e9, voisin du grand magasin Hands, il y a une salle dont la baie vitr\u00e9e qui donne sur la rue est quasiment close par un parement de lattes de bois \u2014 comme un s\u00e9choir \u00e0 noix. Discr\u00e9tion, calme, mais lumi\u00e8re artificielle. Une douche lumineuse plus intense est au centre de la grande table. Une plante (laquelle&nbsp;? Epipremnum probable) est l\u00e0 pour exprimer la verdure vivifiante.<\/p>\n","protected":false},"excerpt":{"rendered":"<p>Jeudi 2 janvier 2025, 12h, Excelsior Caff\u00e9 (de la cha\u00eene Doutor), Shijo Dori, non loin de l&rsquo;avenue Karasuma, Kyoto. Au premier \u00e9tage du caf\u00e9, voisin du grand magasin Hands, il y a une salle dont la baie vitr\u00e9e qui donne sur la rue est quasiment close par un parement de lattes de bois \u2014 comme &hellip; <a href=\"https:\/\/jlggb.net\/blog9\/2025\/01\/02\/verdure\/\" class=\"more-link\">Continuer la lecture de <span class=\"screen-reader-text\">Verdure au premier \u00e9tage<\/span><\/a><\/p>\n","protected":false},"author":1,"featured_media":0,"comment_status":"closed","ping_status":"closed","sticky":false,"template":"","format":"standard","meta":{"footnotes":""},"categories":[363,10,323],"tags":[333,376,131],"class_list":["post-2142","post","type-post","status-publish","format-standard","hentry","category-japon","category-couleur","category-nature","tag-cafe","tag-kyoto","tag-vert"],"_links":{"self":[{"href":"https:\/\/jlggb.net\/blog9\/wp-json\/wp\/v2\/posts\/2142","targetHints":{"allow":["GET"]}}],"collection":[{"href":"https:\/\/jlggb.net\/blog9\/wp-json\/wp\/v2\/posts"}],"about":[{"href":"https:\/\/jlggb.net\/blog9\/wp-json\/wp\/v2\/types\/post"}],"author":[{"embeddable":true,"href":"https:\/\/jlggb.net\/blog9\/wp-json\/wp\/v2\/users\/1"}],"replies":[{"embeddable":true,"href":"https:\/\/jlggb.net\/blog9\/wp-json\/wp\/v2\/comments?post=2142"}],"version-history":[{"count":7,"href":"https:\/\/jlggb.net\/blog9\/wp-json\/wp\/v2\/posts\/2142\/revisions"}],"predecessor-version":[{"id":2150,"href":"https:\/\/jlggb.net\/blog9\/wp-json\/wp\/v2\/posts\/2142\/revisions\/2150"}],"wp:attachment":[{"href":"https:\/\/jlggb.net\/blog9\/wp-json\/wp\/v2\/media?parent=2142"}],"wp:term":[{"taxonomy":"category","embeddable":true,"href":"https:\/\/jlggb.net\/blog9\/wp-json\/wp\/v2\/categories?post=2142"},{"taxonomy":"post_tag","embeddable":true,"href":"https:\/\/jlggb.net\/blog9\/wp-json\/wp\/v2\/tags?post=2142"}],"curies":[{"name":"wp","href":"https:\/\/api.w.org\/{rel}","templated":true}]}}