{"id":213,"date":"2024-01-05T14:00:23","date_gmt":"2024-01-05T13:00:23","guid":{"rendered":"http:\/\/jlggb.net\/blog9\/?p=213"},"modified":"2024-01-31T18:57:19","modified_gmt":"2024-01-31T17:57:19","slug":"24-29-juin-1890","status":"publish","type":"post","link":"https:\/\/jlggb.net\/blog9\/2024\/01\/05\/24-29-juin-1890\/","title":{"rendered":"24 \u2013 29 juin 1890"},"content":{"rendered":"<p><a href=\"https:\/\/jlggb.net\/blog9\/wp-content\/uploads\/2024\/01\/vg_jeune_cartel_20240105-scaled.jpg\" data-rel=\"lightbox-image-0\" data-imagelightbox=\"0\" data-rl_title=\"\" data-rl_caption=\"\" title=\"\"><img loading=\"lazy\" decoding=\"async\" class=\"alignnone size-full wp-image-214\" src=\"https:\/\/jlggb.net\/blog9\/wp-content\/uploads\/2024\/01\/vg_jeune_cartel_20240105-scaled.jpg\" alt=\"\" width=\"640\" height=\"640\" srcset=\"https:\/\/jlggb.net\/blog9\/wp-content\/uploads\/2024\/01\/vg_jeune_cartel_20240105-scaled.jpg 2560w, https:\/\/jlggb.net\/blog9\/wp-content\/uploads\/2024\/01\/vg_jeune_cartel_20240105-300x300.jpg 300w, https:\/\/jlggb.net\/blog9\/wp-content\/uploads\/2024\/01\/vg_jeune_cartel_20240105-1024x1024.jpg 1024w, https:\/\/jlggb.net\/blog9\/wp-content\/uploads\/2024\/01\/vg_jeune_cartel_20240105-150x150.jpg 150w, https:\/\/jlggb.net\/blog9\/wp-content\/uploads\/2024\/01\/vg_jeune_cartel_20240105-768x768.jpg 768w, https:\/\/jlggb.net\/blog9\/wp-content\/uploads\/2024\/01\/vg_jeune_cartel_20240105-1536x1536.jpg 1536w, https:\/\/jlggb.net\/blog9\/wp-content\/uploads\/2024\/01\/vg_jeune_cartel_20240105-2048x2048.jpg 2048w\" sizes=\"auto, (max-width: 640px) 100vw, 640px\" \/><\/a><br \/>\n<a href=\"https:\/\/jlggb.net\/blog9\/wp-content\/uploads\/2024\/01\/vangogh_jeune_detail_20240105-scaled.jpg\" data-rel=\"lightbox-image-1\" data-imagelightbox=\"1\" data-rl_title=\"\" data-rl_caption=\"\" title=\"\"><img loading=\"lazy\" decoding=\"async\" src=\"https:\/\/jlggb.net\/blog9\/wp-content\/uploads\/2024\/01\/vangogh_jeune_detail_20240105-scaled.jpg\" alt=\"\" width=\"640\" height=\"640\" class=\"alignnone size-full wp-image-223\" \/><\/a><br \/>\nVendredi 5 janvier 2014, 14h, Mus\u00e9e d&rsquo;Orsay, Paris. L&rsquo;exposition d\u00e9di\u00e9e aux derni\u00e8res peintures de Van Gogh donne aussi \u00e0 le lire&nbsp;: \u00ab Ce qui me passionne le plus, beaucoup beaucoup davantage que tout le reste dans mon m\u00e9tier &#8211; c&rsquo;est le portrait, le portrait moderne. Je le cherche par la couleur. \u00bb \u00c0 Willemien, Jeudi 5 Juin 1890. Peindre les gens est \u00ab la seule chose en peinture qui m&rsquo;\u00e9meut le plus profond\u00e9ment et me fait ressentir l&rsquo;infini, plus que toute autre chose \u00bb. L&rsquo;ambition de Van Gogh est d&rsquo;atteindre chez ses mod\u00e8les \u00ab cet \u00e9ternel ind\u00e9finissable, dont le nimbe \u00e9tait le symbole et que nous essayons d&rsquo;atteindre par l&rsquo;\u00e9clat lui-m\u00eame, par la vibration de nos couleurs \u00bb. Exalter leur caract\u00e8re par la couleur, donner \u00e0 ses toiles l&rsquo;expressivit\u00e9 des passions qui les habitent, voil\u00e0 ce qui constitue \u00ab le portrait moderne \u00bb. Mais \u00e0 Auvers comme auparavant, il peine \u00e0 trouver des mod\u00e8les, sinon dans son entourage imm\u00e9diat&nbsp;: Gachet, sa fille Marguerite, la fille de son aubergiste, Adeline Ravoux, des enfants, deux jeunes femmes non identifi\u00e9es. Il d\u00e9ploie dans ces portraits des exp\u00e9rimentations plastiques parfois \u00e9tonnantes, par le format carr\u00e9, les fonds tram\u00e9s, des jeux de couleur ton sur ton, un dessin simplifi\u00e9 \u00e0 l&rsquo;extr\u00eame. [Peinture l\u00e9g\u00e8rement recadr\u00e9e, cartels du Mus\u00e9e]<\/p>\n","protected":false},"excerpt":{"rendered":"<p>Vendredi 5 janvier 2014, 14h, Mus\u00e9e d&rsquo;Orsay, Paris. L&rsquo;exposition d\u00e9di\u00e9e aux derni\u00e8res peintures de Van Gogh donne aussi \u00e0 le lire&nbsp;: \u00ab Ce qui me passionne le plus, beaucoup beaucoup davantage que tout le reste dans mon m\u00e9tier &#8211; c&rsquo;est le portrait, le portrait moderne. Je le cherche par la couleur. \u00bb \u00c0 Willemien, Jeudi &hellip; <a href=\"https:\/\/jlggb.net\/blog9\/2024\/01\/05\/24-29-juin-1890\/\" class=\"more-link\">Continuer la lecture de <span class=\"screen-reader-text\">24 \u2013 29 juin 1890<\/span><\/a><\/p>\n","protected":false},"author":1,"featured_media":0,"comment_status":"closed","ping_status":"closed","sticky":false,"template":"","format":"standard","meta":{"footnotes":""},"categories":[15,10,5,70],"tags":[71],"class_list":["post-213","post","type-post","status-publish","format-standard","hentry","category-art","category-couleur","category-histoire","category-mots","tag-portrait-vincent-van-gogh"],"_links":{"self":[{"href":"https:\/\/jlggb.net\/blog9\/wp-json\/wp\/v2\/posts\/213","targetHints":{"allow":["GET"]}}],"collection":[{"href":"https:\/\/jlggb.net\/blog9\/wp-json\/wp\/v2\/posts"}],"about":[{"href":"https:\/\/jlggb.net\/blog9\/wp-json\/wp\/v2\/types\/post"}],"author":[{"embeddable":true,"href":"https:\/\/jlggb.net\/blog9\/wp-json\/wp\/v2\/users\/1"}],"replies":[{"embeddable":true,"href":"https:\/\/jlggb.net\/blog9\/wp-json\/wp\/v2\/comments?post=213"}],"version-history":[{"count":10,"href":"https:\/\/jlggb.net\/blog9\/wp-json\/wp\/v2\/posts\/213\/revisions"}],"predecessor-version":[{"id":228,"href":"https:\/\/jlggb.net\/blog9\/wp-json\/wp\/v2\/posts\/213\/revisions\/228"}],"wp:attachment":[{"href":"https:\/\/jlggb.net\/blog9\/wp-json\/wp\/v2\/media?parent=213"}],"wp:term":[{"taxonomy":"category","embeddable":true,"href":"https:\/\/jlggb.net\/blog9\/wp-json\/wp\/v2\/categories?post=213"},{"taxonomy":"post_tag","embeddable":true,"href":"https:\/\/jlggb.net\/blog9\/wp-json\/wp\/v2\/tags?post=213"}],"curies":[{"name":"wp","href":"https:\/\/api.w.org\/{rel}","templated":true}]}}