{"id":1977,"date":"2024-12-01T13:00:21","date_gmt":"2024-12-01T12:00:21","guid":{"rendered":"https:\/\/jlggb.net\/blog9\/?p=1977"},"modified":"2024-12-08T13:23:58","modified_gmt":"2024-12-08T12:23:58","slug":"alexus-grimou","status":"publish","type":"post","link":"https:\/\/jlggb.net\/blog9\/2024\/12\/01\/alexus-grimou\/","title":{"rendered":"Alexis Grimou"},"content":{"rendered":"<p><a href=\"https:\/\/jlggb.net\/blog9\/wp-content\/uploads\/2024\/12\/Alexis_Grimou_Reatu_Arles_20241201-scaled.jpg\" data-rel=\"lightbox-image-0\" data-imagelightbox=\"0\" data-rl_title=\"\" data-rl_caption=\"\" title=\"\"><img loading=\"lazy\" decoding=\"async\" src=\"https:\/\/jlggb.net\/blog9\/wp-content\/uploads\/2024\/12\/Alexis_Grimou_Reatu_Arles_20241201-scaled.jpg\" alt=\"\" width=\"1997\" height=\"2560\" class=\"alignnone size-full wp-image-1979\" srcset=\"https:\/\/jlggb.net\/blog9\/wp-content\/uploads\/2024\/12\/Alexis_Grimou_Reatu_Arles_20241201-scaled.jpg 1997w, https:\/\/jlggb.net\/blog9\/wp-content\/uploads\/2024\/12\/Alexis_Grimou_Reatu_Arles_20241201-234x300.jpg 234w, https:\/\/jlggb.net\/blog9\/wp-content\/uploads\/2024\/12\/Alexis_Grimou_Reatu_Arles_20241201-768x984.jpg 768w, https:\/\/jlggb.net\/blog9\/wp-content\/uploads\/2024\/12\/Alexis_Grimou_Reatu_Arles_20241201-1198x1536.jpg 1198w, https:\/\/jlggb.net\/blog9\/wp-content\/uploads\/2024\/12\/Alexis_Grimou_Reatu_Arles_20241201-1598x2048.jpg 1598w\" sizes=\"auto, (max-width: 1997px) 100vw, 1997px\" \/><\/a><br \/>\nDimanche 1er d\u00e9cembre 2024, 13h, mus\u00e9e R\u00e9attu, Arles. Ce portrait est de 1720-1730, par Alexis Grimou, 1678-1733. Le cartel dit&nbsp;: \u00ab\u00a0il est moins proche de la tradition fran\u00e7aise que de l&rsquo;art flamand, auquel il emprunte ses portraits de buveurs, d&rsquo;acteurs, de peintres et de militaires, ainsi que des sc\u00e8nes de la vie quotidienne, genre qu&rsquo;il contribue \u00e0 initier dans la France de son \u00e9poque, domin\u00e9e par les th\u00e8mes religieux et mythologiques.\u00a0\u00bb<\/p>\n","protected":false},"excerpt":{"rendered":"<p>Dimanche 1er d\u00e9cembre 2024, 13h, mus\u00e9e R\u00e9attu, Arles. Ce portrait est de 1720-1730, par Alexis Grimou, 1678-1733. Le cartel dit&nbsp;: \u00ab\u00a0il est moins proche de la tradition fran\u00e7aise que de l&rsquo;art flamand, auquel il emprunte ses portraits de buveurs, d&rsquo;acteurs, de peintres et de militaires, ainsi que des sc\u00e8nes de la vie quotidienne, genre qu&rsquo;il &hellip; <a href=\"https:\/\/jlggb.net\/blog9\/2024\/12\/01\/alexus-grimou\/\" class=\"more-link\">Continuer la lecture de <span class=\"screen-reader-text\">Alexis Grimou<\/span><\/a><\/p>\n","protected":false},"author":1,"featured_media":0,"comment_status":"closed","ping_status":"closed","sticky":false,"template":"","format":"standard","meta":{"footnotes":""},"categories":[15,5],"tags":[93,50,357],"class_list":["post-1977","post","type-post","status-publish","format-standard","hentry","category-art","category-histoire","tag-peinture","tag-portrait","tag-rembrandt"],"_links":{"self":[{"href":"https:\/\/jlggb.net\/blog9\/wp-json\/wp\/v2\/posts\/1977","targetHints":{"allow":["GET"]}}],"collection":[{"href":"https:\/\/jlggb.net\/blog9\/wp-json\/wp\/v2\/posts"}],"about":[{"href":"https:\/\/jlggb.net\/blog9\/wp-json\/wp\/v2\/types\/post"}],"author":[{"embeddable":true,"href":"https:\/\/jlggb.net\/blog9\/wp-json\/wp\/v2\/users\/1"}],"replies":[{"embeddable":true,"href":"https:\/\/jlggb.net\/blog9\/wp-json\/wp\/v2\/comments?post=1977"}],"version-history":[{"count":3,"href":"https:\/\/jlggb.net\/blog9\/wp-json\/wp\/v2\/posts\/1977\/revisions"}],"predecessor-version":[{"id":1982,"href":"https:\/\/jlggb.net\/blog9\/wp-json\/wp\/v2\/posts\/1977\/revisions\/1982"}],"wp:attachment":[{"href":"https:\/\/jlggb.net\/blog9\/wp-json\/wp\/v2\/media?parent=1977"}],"wp:term":[{"taxonomy":"category","embeddable":true,"href":"https:\/\/jlggb.net\/blog9\/wp-json\/wp\/v2\/categories?post=1977"},{"taxonomy":"post_tag","embeddable":true,"href":"https:\/\/jlggb.net\/blog9\/wp-json\/wp\/v2\/tags?post=1977"}],"curies":[{"name":"wp","href":"https:\/\/api.w.org\/{rel}","templated":true}]}}