{"id":1961,"date":"2024-12-05T19:05:16","date_gmt":"2024-12-05T18:05:16","guid":{"rendered":"https:\/\/jlggb.net\/blog9\/?p=1961"},"modified":"2025-11-24T14:02:00","modified_gmt":"2025-11-24T13:02:00","slug":"le-numero-53-de-la-couleur-des-jours","status":"publish","type":"post","link":"https:\/\/jlggb.net\/blog9\/2024\/12\/05\/le-numero-53-de-la-couleur-des-jours\/","title":{"rendered":"Le num\u00e9ro 53 de La Couleur des jours"},"content":{"rendered":"<p><a href=\"https:\/\/jlggb.net\/blog9\/wp-content\/uploads\/2024\/12\/cdj_53_jlggb-scaled.jpg\" data-rel=\"lightbox-image-0\" data-imagelightbox=\"0\" data-rl_title=\"\" data-rl_caption=\"\" title=\"\"><img loading=\"lazy\" decoding=\"async\" src=\"https:\/\/jlggb.net\/blog9\/wp-content\/uploads\/2024\/12\/cdj_53_jlggb-scaled.jpg\" alt=\"\" width=\"1589\" height=\"2560\" class=\"alignnone size-full wp-image-1963\" srcset=\"https:\/\/jlggb.net\/blog9\/wp-content\/uploads\/2024\/12\/cdj_53_jlggb-scaled.jpg 1589w, https:\/\/jlggb.net\/blog9\/wp-content\/uploads\/2024\/12\/cdj_53_jlggb-186x300.jpg 186w, https:\/\/jlggb.net\/blog9\/wp-content\/uploads\/2024\/12\/cdj_53_jlggb-1862x3000.jpg 1862w, https:\/\/jlggb.net\/blog9\/wp-content\/uploads\/2024\/12\/cdj_53_jlggb-768x1237.jpg 768w, https:\/\/jlggb.net\/blog9\/wp-content\/uploads\/2024\/12\/cdj_53_jlggb-953x1536.jpg 953w, https:\/\/jlggb.net\/blog9\/wp-content\/uploads\/2024\/12\/cdj_53_jlggb-1271x2048.jpg 1271w\" sizes=\"auto, (max-width: 1589px) 100vw, 1589px\" \/><\/a><br \/>\nJeudi 5 d\u00e9cembre 2024, 20h. <em>La Couleur des jours<\/em>, num\u00e9ro 53, hiver 2024-2025. Culture ou nature&nbsp;? Lumi\u00e8res, couleurs, formes, dessin\u00e9es et nomm\u00e9es&nbsp;; ou bien le temps qui passe.<\/p>\n","protected":false},"excerpt":{"rendered":"<p>Jeudi 5 d\u00e9cembre 2024, 20h. La Couleur des jours, num\u00e9ro 53, hiver 2024-2025. Culture ou nature&nbsp;? Lumi\u00e8res, couleurs, formes, dessin\u00e9es et nomm\u00e9es&nbsp;; ou bien le temps qui passe.<\/p>\n","protected":false},"author":1,"featured_media":0,"comment_status":"closed","ping_status":"closed","sticky":false,"template":"","format":"standard","meta":{"footnotes":""},"categories":[134,323,110],"tags":[310,31],"class_list":["post-1961","post","type-post","status-publish","format-standard","hentry","category-circonstances","category-nature","category-temps","tag-la-couleur-des-jours","tag-soleil"],"_links":{"self":[{"href":"https:\/\/jlggb.net\/blog9\/wp-json\/wp\/v2\/posts\/1961","targetHints":{"allow":["GET"]}}],"collection":[{"href":"https:\/\/jlggb.net\/blog9\/wp-json\/wp\/v2\/posts"}],"about":[{"href":"https:\/\/jlggb.net\/blog9\/wp-json\/wp\/v2\/types\/post"}],"author":[{"embeddable":true,"href":"https:\/\/jlggb.net\/blog9\/wp-json\/wp\/v2\/users\/1"}],"replies":[{"embeddable":true,"href":"https:\/\/jlggb.net\/blog9\/wp-json\/wp\/v2\/comments?post=1961"}],"version-history":[{"count":5,"href":"https:\/\/jlggb.net\/blog9\/wp-json\/wp\/v2\/posts\/1961\/revisions"}],"predecessor-version":[{"id":1967,"href":"https:\/\/jlggb.net\/blog9\/wp-json\/wp\/v2\/posts\/1961\/revisions\/1967"}],"wp:attachment":[{"href":"https:\/\/jlggb.net\/blog9\/wp-json\/wp\/v2\/media?parent=1961"}],"wp:term":[{"taxonomy":"category","embeddable":true,"href":"https:\/\/jlggb.net\/blog9\/wp-json\/wp\/v2\/categories?post=1961"},{"taxonomy":"post_tag","embeddable":true,"href":"https:\/\/jlggb.net\/blog9\/wp-json\/wp\/v2\/tags?post=1961"}],"curies":[{"name":"wp","href":"https:\/\/api.w.org\/{rel}","templated":true}]}}