{"id":1736,"date":"2024-09-29T16:00:43","date_gmt":"2024-09-29T14:00:43","guid":{"rendered":"https:\/\/jlggb.net\/blog9\/?p=1736"},"modified":"2024-10-12T23:57:46","modified_gmt":"2024-10-12T21:57:46","slug":"chappe-de-nouveau","status":"publish","type":"post","link":"https:\/\/jlggb.net\/blog9\/2024\/09\/29\/chappe-de-nouveau\/","title":{"rendered":"Chappe, de nouveau"},"content":{"rendered":"<p><a href=\"https:\/\/jlggb.net\/blog9\/wp-content\/uploads\/2024\/10\/chappe_perelachaise_20240929-scaled.jpg\" data-rel=\"lightbox-image-0\" data-imagelightbox=\"0\" data-rl_title=\"\" data-rl_caption=\"\" title=\"\"><img loading=\"lazy\" decoding=\"async\" src=\"https:\/\/jlggb.net\/blog9\/wp-content\/uploads\/2024\/10\/chappe_perelachaise_20240929-scaled.jpg\" alt=\"\" width=\"1920\" height=\"2560\" class=\"alignnone size-full wp-image-1737\" srcset=\"https:\/\/jlggb.net\/blog9\/wp-content\/uploads\/2024\/10\/chappe_perelachaise_20240929-scaled.jpg 1920w, https:\/\/jlggb.net\/blog9\/wp-content\/uploads\/2024\/10\/chappe_perelachaise_20240929-225x300.jpg 225w, https:\/\/jlggb.net\/blog9\/wp-content\/uploads\/2024\/10\/chappe_perelachaise_20240929-768x1024.jpg 768w, https:\/\/jlggb.net\/blog9\/wp-content\/uploads\/2024\/10\/chappe_perelachaise_20240929-1152x1536.jpg 1152w, https:\/\/jlggb.net\/blog9\/wp-content\/uploads\/2024\/10\/chappe_perelachaise_20240929-1536x2048.jpg 1536w\" sizes=\"auto, (max-width: 1920px) 100vw, 1920px\" \/><\/a><br \/>\nDimanche 29 septembre, 16h, cimeti\u00e8re du P\u00e8re Lachaise, Paris. La tombe monument de Claude Chappe, nous savons la retrouver. Le s\u00e9maphore est bien plus petit que l&rsquo;on croit. Les pierres sont maintenant tr\u00e8s moussues. C&rsquo;\u00e9tait il y a dix ans&nbsp;: <a href=\"http:\/\/jlggb.net\/blog4\/?p=885\">http:\/\/jlggb.net\/blog4\/?p=885<\/a><\/p>\n","protected":false},"excerpt":{"rendered":"<p>Dimanche 29 septembre, 16h, cimeti\u00e8re du P\u00e8re Lachaise, Paris. La tombe monument de Claude Chappe, nous savons la retrouver. Le s\u00e9maphore est bien plus petit que l&rsquo;on croit. Les pierres sont maintenant tr\u00e8s moussues. C&rsquo;\u00e9tait il y a dix ans&nbsp;: http:\/\/jlggb.net\/blog4\/?p=885<\/p>\n","protected":false},"author":1,"featured_media":0,"comment_status":"closed","ping_status":"closed","sticky":false,"template":"","format":"standard","meta":{"footnotes":""},"categories":[21,5,13],"tags":[330],"class_list":["post-1736","post","type-post","status-publish","format-standard","hentry","category-construction","category-histoire","category-lieu","tag-tombe"],"_links":{"self":[{"href":"https:\/\/jlggb.net\/blog9\/wp-json\/wp\/v2\/posts\/1736","targetHints":{"allow":["GET"]}}],"collection":[{"href":"https:\/\/jlggb.net\/blog9\/wp-json\/wp\/v2\/posts"}],"about":[{"href":"https:\/\/jlggb.net\/blog9\/wp-json\/wp\/v2\/types\/post"}],"author":[{"embeddable":true,"href":"https:\/\/jlggb.net\/blog9\/wp-json\/wp\/v2\/users\/1"}],"replies":[{"embeddable":true,"href":"https:\/\/jlggb.net\/blog9\/wp-json\/wp\/v2\/comments?post=1736"}],"version-history":[{"count":5,"href":"https:\/\/jlggb.net\/blog9\/wp-json\/wp\/v2\/posts\/1736\/revisions"}],"predecessor-version":[{"id":1742,"href":"https:\/\/jlggb.net\/blog9\/wp-json\/wp\/v2\/posts\/1736\/revisions\/1742"}],"wp:attachment":[{"href":"https:\/\/jlggb.net\/blog9\/wp-json\/wp\/v2\/media?parent=1736"}],"wp:term":[{"taxonomy":"category","embeddable":true,"href":"https:\/\/jlggb.net\/blog9\/wp-json\/wp\/v2\/categories?post=1736"},{"taxonomy":"post_tag","embeddable":true,"href":"https:\/\/jlggb.net\/blog9\/wp-json\/wp\/v2\/tags?post=1736"}],"curies":[{"name":"wp","href":"https:\/\/api.w.org\/{rel}","templated":true}]}}