{"id":1584,"date":"2024-09-05T00:00:32","date_gmt":"2024-09-04T22:00:32","guid":{"rendered":"https:\/\/jlggb.net\/blog9\/?p=1584"},"modified":"2024-09-10T15:20:34","modified_gmt":"2024-09-10T13:20:34","slug":"le-numero-52-de-la-couleur-des-jours","status":"publish","type":"post","link":"https:\/\/jlggb.net\/blog9\/2024\/09\/05\/le-numero-52-de-la-couleur-des-jours\/","title":{"rendered":"Le num\u00e9ro 52 de La Couleur des jours"},"content":{"rendered":"<p><a href=\"https:\/\/jlggb.net\/blog9\/wp-content\/uploads\/2024\/09\/cdj_52_jlggb-scaled.jpg\" data-rel=\"lightbox-image-0\" data-imagelightbox=\"0\" data-rl_title=\"\" data-rl_caption=\"\" title=\"\"><img loading=\"lazy\" decoding=\"async\" src=\"https:\/\/jlggb.net\/blog9\/wp-content\/uploads\/2024\/09\/cdj_52_jlggb-scaled.jpg\" alt=\"\" width=\"1590\" height=\"2560\" class=\"alignnone size-full wp-image-1591\" srcset=\"https:\/\/jlggb.net\/blog9\/wp-content\/uploads\/2024\/09\/cdj_52_jlggb-scaled.jpg 1590w, https:\/\/jlggb.net\/blog9\/wp-content\/uploads\/2024\/09\/cdj_52_jlggb-186x300.jpg 186w, https:\/\/jlggb.net\/blog9\/wp-content\/uploads\/2024\/09\/cdj_52_jlggb-1863x3000.jpg 1863w, https:\/\/jlggb.net\/blog9\/wp-content\/uploads\/2024\/09\/cdj_52_jlggb-768x1236.jpg 768w, https:\/\/jlggb.net\/blog9\/wp-content\/uploads\/2024\/09\/cdj_52_jlggb-954x1536.jpg 954w, https:\/\/jlggb.net\/blog9\/wp-content\/uploads\/2024\/09\/cdj_52_jlggb-1272x2048.jpg 1272w\" sizes=\"auto, (max-width: 1590px) 100vw, 1590px\" \/><\/a><br \/>\nJeudi 5 septembre 2024, 00h. <em>La Couleur des jours<\/em>, num\u00e9ro 52, automne 2024. Un triangle de lieux pr\u00e9cis, une m\u00eame d\u00e9ambulation urbaine qui donne trois observations, avec du vernaculaire, des murs jaune-orange, des signes, des mots.<\/p>\n","protected":false},"excerpt":{"rendered":"<p>Jeudi 5 septembre 2024, 00h. La Couleur des jours, num\u00e9ro 52, automne 2024. Un triangle de lieux pr\u00e9cis, une m\u00eame d\u00e9ambulation urbaine qui donne trois observations, avec du vernaculaire, des murs jaune-orange, des signes, des mots.<\/p>\n","protected":false},"author":1,"featured_media":0,"comment_status":"closed","ping_status":"closed","sticky":false,"template":"","format":"standard","meta":{"footnotes":""},"categories":[5,13],"tags":[310],"class_list":["post-1584","post","type-post","status-publish","format-standard","hentry","category-histoire","category-lieu","tag-la-couleur-des-jours"],"_links":{"self":[{"href":"https:\/\/jlggb.net\/blog9\/wp-json\/wp\/v2\/posts\/1584","targetHints":{"allow":["GET"]}}],"collection":[{"href":"https:\/\/jlggb.net\/blog9\/wp-json\/wp\/v2\/posts"}],"about":[{"href":"https:\/\/jlggb.net\/blog9\/wp-json\/wp\/v2\/types\/post"}],"author":[{"embeddable":true,"href":"https:\/\/jlggb.net\/blog9\/wp-json\/wp\/v2\/users\/1"}],"replies":[{"embeddable":true,"href":"https:\/\/jlggb.net\/blog9\/wp-json\/wp\/v2\/comments?post=1584"}],"version-history":[{"count":7,"href":"https:\/\/jlggb.net\/blog9\/wp-json\/wp\/v2\/posts\/1584\/revisions"}],"predecessor-version":[{"id":1595,"href":"https:\/\/jlggb.net\/blog9\/wp-json\/wp\/v2\/posts\/1584\/revisions\/1595"}],"wp:attachment":[{"href":"https:\/\/jlggb.net\/blog9\/wp-json\/wp\/v2\/media?parent=1584"}],"wp:term":[{"taxonomy":"category","embeddable":true,"href":"https:\/\/jlggb.net\/blog9\/wp-json\/wp\/v2\/categories?post=1584"},{"taxonomy":"post_tag","embeddable":true,"href":"https:\/\/jlggb.net\/blog9\/wp-json\/wp\/v2\/tags?post=1584"}],"curies":[{"name":"wp","href":"https:\/\/api.w.org\/{rel}","templated":true}]}}