{"id":1374,"date":"2024-08-08T14:30:24","date_gmt":"2024-08-08T12:30:24","guid":{"rendered":"https:\/\/jlggb.net\/blog9\/?p=1374"},"modified":"2025-11-29T18:36:57","modified_gmt":"2025-11-29T17:36:57","slug":"rousseau-comme-maquette","status":"publish","type":"post","link":"https:\/\/jlggb.net\/blog9\/2024\/08\/08\/rousseau-comme-maquette\/","title":{"rendered":"Rousseau comme maquette"},"content":{"rendered":"<p><a href=\"https:\/\/jlggb.net\/blog9\/wp-content\/uploads\/2024\/08\/rousseau_mars_vallett_20240808-scaled.jpg\" data-rel=\"lightbox-image-0\" data-imagelightbox=\"0\" data-rl_title=\"\" data-rl_caption=\"\" title=\"\"><img loading=\"lazy\" decoding=\"async\" src=\"https:\/\/jlggb.net\/blog9\/wp-content\/uploads\/2024\/08\/rousseau_mars_vallett_20240808-scaled.jpg\" alt=\"\" width=\"1920\" height=\"2560\" class=\"alignnone size-full wp-image-1376\" srcset=\"https:\/\/jlggb.net\/blog9\/wp-content\/uploads\/2024\/08\/rousseau_mars_vallett_20240808-scaled.jpg 1920w, https:\/\/jlggb.net\/blog9\/wp-content\/uploads\/2024\/08\/rousseau_mars_vallett_20240808-225x300.jpg 225w, https:\/\/jlggb.net\/blog9\/wp-content\/uploads\/2024\/08\/rousseau_mars_vallett_20240808-768x1024.jpg 768w, https:\/\/jlggb.net\/blog9\/wp-content\/uploads\/2024\/08\/rousseau_mars_vallett_20240808-1152x1536.jpg 1152w, https:\/\/jlggb.net\/blog9\/wp-content\/uploads\/2024\/08\/rousseau_mars_vallett_20240808-1536x2048.jpg 1536w\" sizes=\"auto, (max-width: 1920px) 100vw, 1920px\" \/><\/a><br \/>\nJeudi 8 ao\u00fbt, 14h30, Mus\u00e9e des Beaux-Arts, Chamb\u00e9ry. Je crois que c&rsquo;est sa statue, dans un virage qui monte en sortant de Chamb\u00e9ry, qui m&rsquo;a donn\u00e9 \u00e0 entendre parler de Jean-Jacques Rousseau. Je d\u00e9couvre aujourd&rsquo;hui la maquette du monument, par Mars-Vallett, 1913&nbsp;: moins naturaliste dans les mati\u00e8res, enlev\u00e9e, \u00e9nergique, plus vivante.<\/p>\n","protected":false},"excerpt":{"rendered":"<p>Jeudi 8 ao\u00fbt, 14h30, Mus\u00e9e des Beaux-Arts, Chamb\u00e9ry. Je crois que c&rsquo;est sa statue, dans un virage qui monte en sortant de Chamb\u00e9ry, qui m&rsquo;a donn\u00e9 \u00e0 entendre parler de Jean-Jacques Rousseau. Je d\u00e9couvre aujourd&rsquo;hui la maquette du monument, par Mars-Vallett, 1913&nbsp;: moins naturaliste dans les mati\u00e8res, enlev\u00e9e, \u00e9nergique, plus vivante.<\/p>\n","protected":false},"author":1,"featured_media":0,"comment_status":"closed","ping_status":"closed","sticky":false,"template":"","format":"standard","meta":{"footnotes":""},"categories":[15,5],"tags":[276,225,274],"class_list":["post-1374","post","type-post","status-publish","format-standard","hentry","category-art","category-histoire","tag-276","tag-jean-jacques-rousseau","tag-statue"],"_links":{"self":[{"href":"https:\/\/jlggb.net\/blog9\/wp-json\/wp\/v2\/posts\/1374","targetHints":{"allow":["GET"]}}],"collection":[{"href":"https:\/\/jlggb.net\/blog9\/wp-json\/wp\/v2\/posts"}],"about":[{"href":"https:\/\/jlggb.net\/blog9\/wp-json\/wp\/v2\/types\/post"}],"author":[{"embeddable":true,"href":"https:\/\/jlggb.net\/blog9\/wp-json\/wp\/v2\/users\/1"}],"replies":[{"embeddable":true,"href":"https:\/\/jlggb.net\/blog9\/wp-json\/wp\/v2\/comments?post=1374"}],"version-history":[{"count":6,"href":"https:\/\/jlggb.net\/blog9\/wp-json\/wp\/v2\/posts\/1374\/revisions"}],"predecessor-version":[{"id":1383,"href":"https:\/\/jlggb.net\/blog9\/wp-json\/wp\/v2\/posts\/1374\/revisions\/1383"}],"wp:attachment":[{"href":"https:\/\/jlggb.net\/blog9\/wp-json\/wp\/v2\/media?parent=1374"}],"wp:term":[{"taxonomy":"category","embeddable":true,"href":"https:\/\/jlggb.net\/blog9\/wp-json\/wp\/v2\/categories?post=1374"},{"taxonomy":"post_tag","embeddable":true,"href":"https:\/\/jlggb.net\/blog9\/wp-json\/wp\/v2\/tags?post=1374"}],"curies":[{"name":"wp","href":"https:\/\/api.w.org\/{rel}","templated":true}]}}