{"id":1322,"date":"2024-02-12T21:00:10","date_gmt":"2024-02-12T20:00:10","guid":{"rendered":"https:\/\/jlggb.net\/blog9\/?p=1322"},"modified":"2024-08-12T21:56:55","modified_gmt":"2024-08-12T19:56:55","slug":"12-fevrier-1984","status":"publish","type":"post","link":"https:\/\/jlggb.net\/blog9\/2024\/02\/12\/12-fevrier-1984\/","title":{"rendered":"Dimanche 12 f\u00e9vrier 1984"},"content":{"rendered":"<p><a href=\"https:\/\/jlggb.net\/blog9\/wp-content\/uploads\/2024\/08\/EL_19830212_2024-scaled.jpg\" data-rel=\"lightbox-image-0\" data-imagelightbox=\"0\" data-rl_title=\"\" data-rl_caption=\"\" title=\"\"><img loading=\"lazy\" decoding=\"async\" src=\"https:\/\/jlggb.net\/blog9\/wp-content\/uploads\/2024\/08\/EL_19830212_2024-scaled.jpg\" alt=\"\" width=\"1814\" height=\"2560\" class=\"alignnone size-full wp-image-1323\" srcset=\"https:\/\/jlggb.net\/blog9\/wp-content\/uploads\/2024\/08\/EL_19830212_2024-scaled.jpg 1814w, https:\/\/jlggb.net\/blog9\/wp-content\/uploads\/2024\/08\/EL_19830212_2024-213x300.jpg 213w, https:\/\/jlggb.net\/blog9\/wp-content\/uploads\/2024\/08\/EL_19830212_2024-768x1084.jpg 768w, https:\/\/jlggb.net\/blog9\/wp-content\/uploads\/2024\/08\/EL_19830212_2024-1088x1536.jpg 1088w, https:\/\/jlggb.net\/blog9\/wp-content\/uploads\/2024\/08\/EL_19830212_2024-1451x2048.jpg 1451w\" sizes=\"auto, (max-width: 1814px) 100vw, 1814px\" \/><\/a><br \/>\nLundi 12 f\u00e9vrier 2024. Cette photo est dans un cadre depuis des ann\u00e9es. Aujourd&rsquo;hui, la date qui fut inscrite dans la pellicule offre un anniversaire. Elle fut prise dans un caf\u00e9 proche de la Maison de la radio, Paris 16e, (la brasserie Les Ondes), alors qu&rsquo;on revenait du Mus\u00e9e d&rsquo;art moderne de la Ville o\u00f9 se tenait l&rsquo;exposition \u00ab\u00a0Electra\u00a0\u00bb.<\/p>\n","protected":false},"excerpt":{"rendered":"<p>Lundi 12 f\u00e9vrier 2024. Cette photo est dans un cadre depuis des ann\u00e9es. Aujourd&rsquo;hui, la date qui fut inscrite dans la pellicule offre un anniversaire. Elle fut prise dans un caf\u00e9 proche de la Maison de la radio, Paris 16e, (la brasserie Les Ondes), alors qu&rsquo;on revenait du Mus\u00e9e d&rsquo;art moderne de la Ville o\u00f9 &hellip; <a href=\"https:\/\/jlggb.net\/blog9\/2024\/02\/12\/12-fevrier-1984\/\" class=\"more-link\">Continuer la lecture de <span class=\"screen-reader-text\">Dimanche 12 f\u00e9vrier 1984<\/span><\/a><\/p>\n","protected":false},"author":1,"featured_media":0,"comment_status":"closed","ping_status":"closed","sticky":false,"template":"","format":"standard","meta":{"footnotes":""},"categories":[22,18],"tags":[50],"class_list":["post-1322","post","type-post","status-publish","format-standard","hentry","category-evenement","category-vie","tag-portrait"],"_links":{"self":[{"href":"https:\/\/jlggb.net\/blog9\/wp-json\/wp\/v2\/posts\/1322","targetHints":{"allow":["GET"]}}],"collection":[{"href":"https:\/\/jlggb.net\/blog9\/wp-json\/wp\/v2\/posts"}],"about":[{"href":"https:\/\/jlggb.net\/blog9\/wp-json\/wp\/v2\/types\/post"}],"author":[{"embeddable":true,"href":"https:\/\/jlggb.net\/blog9\/wp-json\/wp\/v2\/users\/1"}],"replies":[{"embeddable":true,"href":"https:\/\/jlggb.net\/blog9\/wp-json\/wp\/v2\/comments?post=1322"}],"version-history":[{"count":7,"href":"https:\/\/jlggb.net\/blog9\/wp-json\/wp\/v2\/posts\/1322\/revisions"}],"predecessor-version":[{"id":1330,"href":"https:\/\/jlggb.net\/blog9\/wp-json\/wp\/v2\/posts\/1322\/revisions\/1330"}],"wp:attachment":[{"href":"https:\/\/jlggb.net\/blog9\/wp-json\/wp\/v2\/media?parent=1322"}],"wp:term":[{"taxonomy":"category","embeddable":true,"href":"https:\/\/jlggb.net\/blog9\/wp-json\/wp\/v2\/categories?post=1322"},{"taxonomy":"post_tag","embeddable":true,"href":"https:\/\/jlggb.net\/blog9\/wp-json\/wp\/v2\/tags?post=1322"}],"curies":[{"name":"wp","href":"https:\/\/api.w.org\/{rel}","templated":true}]}}