{"id":1269,"date":"2024-08-03T16:00:14","date_gmt":"2024-08-03T14:00:14","guid":{"rendered":"https:\/\/jlggb.net\/blog9\/?p=1269"},"modified":"2024-08-14T15:56:41","modified_gmt":"2024-08-14T13:56:41","slug":"xxx-la-vie-des-objets-ch-xxx-2","status":"publish","type":"post","link":"https:\/\/jlggb.net\/blog9\/2024\/08\/03\/xxx-la-vie-des-objets-ch-xxx-2\/","title":{"rendered":"Regarder (La vie des objets. Ch. 170)"},"content":{"rendered":"<p><a href=\"https:\/\/jlggb.net\/blog9\/wp-content\/uploads\/2024\/08\/masque_mah_retouche_20240803-scaled.jpg\" data-rel=\"lightbox-image-0\" data-imagelightbox=\"0\" data-rl_title=\"\" data-rl_caption=\"\" title=\"\"><img loading=\"lazy\" decoding=\"async\" src=\"https:\/\/jlggb.net\/blog9\/wp-content\/uploads\/2024\/08\/masque_mah_retouche_20240803-scaled.jpg\" alt=\"\" width=\"2560\" height=\"2560\" class=\"alignnone size-full wp-image-1270\" srcset=\"https:\/\/jlggb.net\/blog9\/wp-content\/uploads\/2024\/08\/masque_mah_retouche_20240803-scaled.jpg 2560w, https:\/\/jlggb.net\/blog9\/wp-content\/uploads\/2024\/08\/masque_mah_retouche_20240803-300x300.jpg 300w, https:\/\/jlggb.net\/blog9\/wp-content\/uploads\/2024\/08\/masque_mah_retouche_20240803-150x150.jpg 150w, https:\/\/jlggb.net\/blog9\/wp-content\/uploads\/2024\/08\/masque_mah_retouche_20240803-768x768.jpg 768w, https:\/\/jlggb.net\/blog9\/wp-content\/uploads\/2024\/08\/masque_mah_retouche_20240803-1536x1536.jpg 1536w, https:\/\/jlggb.net\/blog9\/wp-content\/uploads\/2024\/08\/masque_mah_retouche_20240803-2048x2048.jpg 2048w\" sizes=\"auto, (max-width: 2560px) 100vw, 2560px\" \/><\/a><br \/>\nSamedi 3 ao\u00fbt 2024, 16h, Mus\u00e9e d&rsquo;art et d&rsquo;histoire, Gen\u00e8ve. L&rsquo;exposition con\u00e7ue par Pascal Rousseau, \u00ab\u00a0Arch\u00e9ologie des fluides \u00bb, \u00ab\u00a0parcourt les collections du MAH en compagnie de Waldemar Deonna [arch\u00e9ologue, directeur du mus\u00e9e de 1922 \u00e0 1951], pour saisir ce qui, en dehors des classements conventionnels, pousse ces objets h\u00e9t\u00e9roclites \u00e0 former une cha\u00eene magn\u00e9tique dans laquelle l\u2019\u0153il peut faire l\u2019exp\u00e9rience de modes de connaissance ouverts \u00e0 une circulation libre et r\u00e9versible dans le temps.\u00a0\u00bb Parmi les bustes antiques et les \u0153uvres pr\u00e9cieuses, partageant \u00ab\u00a0l\u2019\u00e9videment des yeux, d\u00e9nominateur commun du magn\u00e9tisme surnaturel du regard \u00bb, un regard fascinant, litt\u00e9ralement vide, entr\u00e9 dans la collection on ne sait pourquoi, le <em>Masque de carnaval et de bal costum\u00e9<\/em>, vers 1950, Soleure, papier m\u00e2ch\u00e9 peint, toile cir\u00e9e peinte. <\/p>\n","protected":false},"excerpt":{"rendered":"<p>Samedi 3 ao\u00fbt 2024, 16h, Mus\u00e9e d&rsquo;art et d&rsquo;histoire, Gen\u00e8ve. L&rsquo;exposition con\u00e7ue par Pascal Rousseau, \u00ab\u00a0Arch\u00e9ologie des fluides \u00bb, \u00ab\u00a0parcourt les collections du MAH en compagnie de Waldemar Deonna [arch\u00e9ologue, directeur du mus\u00e9e de 1922 \u00e0 1951], pour saisir ce qui, en dehors des classements conventionnels, pousse ces objets h\u00e9t\u00e9roclites \u00e0 former une cha\u00eene magn\u00e9tique &hellip; <a href=\"https:\/\/jlggb.net\/blog9\/2024\/08\/03\/xxx-la-vie-des-objets-ch-xxx-2\/\" class=\"more-link\">Continuer la lecture de <span class=\"screen-reader-text\">Regarder (La vie des objets. Ch. 170)<\/span><\/a><\/p>\n","protected":false},"author":1,"featured_media":0,"comment_status":"closed","ping_status":"closed","sticky":false,"template":"","format":"standard","meta":{"footnotes":""},"categories":[238,15,95,54],"tags":[270,271],"class_list":["post-1269","post","type-post","status-publish","format-standard","hentry","category-viedesobjets","category-art","category-artisanat","category-collection","tag-masque","tag-populaire"],"_links":{"self":[{"href":"https:\/\/jlggb.net\/blog9\/wp-json\/wp\/v2\/posts\/1269","targetHints":{"allow":["GET"]}}],"collection":[{"href":"https:\/\/jlggb.net\/blog9\/wp-json\/wp\/v2\/posts"}],"about":[{"href":"https:\/\/jlggb.net\/blog9\/wp-json\/wp\/v2\/types\/post"}],"author":[{"embeddable":true,"href":"https:\/\/jlggb.net\/blog9\/wp-json\/wp\/v2\/users\/1"}],"replies":[{"embeddable":true,"href":"https:\/\/jlggb.net\/blog9\/wp-json\/wp\/v2\/comments?post=1269"}],"version-history":[{"count":16,"href":"https:\/\/jlggb.net\/blog9\/wp-json\/wp\/v2\/posts\/1269\/revisions"}],"predecessor-version":[{"id":1353,"href":"https:\/\/jlggb.net\/blog9\/wp-json\/wp\/v2\/posts\/1269\/revisions\/1353"}],"wp:attachment":[{"href":"https:\/\/jlggb.net\/blog9\/wp-json\/wp\/v2\/media?parent=1269"}],"wp:term":[{"taxonomy":"category","embeddable":true,"href":"https:\/\/jlggb.net\/blog9\/wp-json\/wp\/v2\/categories?post=1269"},{"taxonomy":"post_tag","embeddable":true,"href":"https:\/\/jlggb.net\/blog9\/wp-json\/wp\/v2\/tags?post=1269"}],"curies":[{"name":"wp","href":"https:\/\/api.w.org\/{rel}","templated":true}]}}