{"id":1207,"date":"2024-07-09T18:00:08","date_gmt":"2024-07-09T16:00:08","guid":{"rendered":"https:\/\/jlggb.net\/blog9\/?p=1207"},"modified":"2024-07-09T23:32:17","modified_gmt":"2024-07-09T21:32:17","slug":"xxx-la-vie-des-objets-ch-1xx","status":"publish","type":"post","link":"https:\/\/jlggb.net\/blog9\/2024\/07\/09\/xxx-la-vie-des-objets-ch-1xx\/","title":{"rendered":"C\u00e9l\u00e9brer (La vie des objets. Ch. 168)"},"content":{"rendered":"<p><a href=\"https:\/\/jlggb.net\/blog9\/wp-content\/uploads\/2024\/07\/sardines_20240709-scaled.jpg\" data-rel=\"lightbox-image-0\" data-imagelightbox=\"0\" data-rl_title=\"\" data-rl_caption=\"\" title=\"\"><img loading=\"lazy\" decoding=\"async\" src=\"https:\/\/jlggb.net\/blog9\/wp-content\/uploads\/2024\/07\/sardines_20240709-scaled.jpg\" alt=\"\" width=\"2560\" height=\"2560\" class=\"alignnone size-full wp-image-1208\" srcset=\"https:\/\/jlggb.net\/blog9\/wp-content\/uploads\/2024\/07\/sardines_20240709-scaled.jpg 2560w, https:\/\/jlggb.net\/blog9\/wp-content\/uploads\/2024\/07\/sardines_20240709-300x300.jpg 300w, https:\/\/jlggb.net\/blog9\/wp-content\/uploads\/2024\/07\/sardines_20240709-150x150.jpg 150w, https:\/\/jlggb.net\/blog9\/wp-content\/uploads\/2024\/07\/sardines_20240709-768x768.jpg 768w, https:\/\/jlggb.net\/blog9\/wp-content\/uploads\/2024\/07\/sardines_20240709-1536x1536.jpg 1536w, https:\/\/jlggb.net\/blog9\/wp-content\/uploads\/2024\/07\/sardines_20240709-2048x2048.jpg 2048w\" sizes=\"auto, (max-width: 2560px) 100vw, 2560px\" \/><\/a><br \/>\nMardi 9 juillet 2024, 18h, Paris. Elle a d&rsquo;abord \u00e9t\u00e9 un souvenir rapport\u00e9 par \u00c9tienne de son premier s\u00e9jour au Portugal. Mang\u00e9e, elle est pass\u00e9e \u00e0 la machine \u00e0 laver puis a propos\u00e9 de s&rsquo;\u00e9riger en c\u00e9l\u00e9bration de la sardine.<\/p>\n","protected":false},"excerpt":{"rendered":"<p>Mardi 9 juillet 2024, 18h, Paris. Elle a d&rsquo;abord \u00e9t\u00e9 un souvenir rapport\u00e9 par \u00c9tienne de son premier s\u00e9jour au Portugal. Mang\u00e9e, elle est pass\u00e9e \u00e0 la machine \u00e0 laver puis a propos\u00e9 de s&rsquo;\u00e9riger en c\u00e9l\u00e9bration de la sardine.<\/p>\n","protected":false},"author":1,"featured_media":0,"comment_status":"closed","ping_status":"closed","sticky":false,"template":"","format":"standard","meta":{"footnotes":""},"categories":[238,22,8],"tags":[256,257,258,255],"class_list":["post-1207","post","type-post","status-publish","format-standard","hentry","category-viedesobjets","category-evenement","category-signe","tag-boite","tag-conserve","tag-portugal","tag-sardines"],"_links":{"self":[{"href":"https:\/\/jlggb.net\/blog9\/wp-json\/wp\/v2\/posts\/1207","targetHints":{"allow":["GET"]}}],"collection":[{"href":"https:\/\/jlggb.net\/blog9\/wp-json\/wp\/v2\/posts"}],"about":[{"href":"https:\/\/jlggb.net\/blog9\/wp-json\/wp\/v2\/types\/post"}],"author":[{"embeddable":true,"href":"https:\/\/jlggb.net\/blog9\/wp-json\/wp\/v2\/users\/1"}],"replies":[{"embeddable":true,"href":"https:\/\/jlggb.net\/blog9\/wp-json\/wp\/v2\/comments?post=1207"}],"version-history":[{"count":5,"href":"https:\/\/jlggb.net\/blog9\/wp-json\/wp\/v2\/posts\/1207\/revisions"}],"predecessor-version":[{"id":1213,"href":"https:\/\/jlggb.net\/blog9\/wp-json\/wp\/v2\/posts\/1207\/revisions\/1213"}],"wp:attachment":[{"href":"https:\/\/jlggb.net\/blog9\/wp-json\/wp\/v2\/media?parent=1207"}],"wp:term":[{"taxonomy":"category","embeddable":true,"href":"https:\/\/jlggb.net\/blog9\/wp-json\/wp\/v2\/categories?post=1207"},{"taxonomy":"post_tag","embeddable":true,"href":"https:\/\/jlggb.net\/blog9\/wp-json\/wp\/v2\/tags?post=1207"}],"curies":[{"name":"wp","href":"https:\/\/api.w.org\/{rel}","templated":true}]}}