{"id":862,"date":"2022-07-07T17:30:07","date_gmt":"2022-07-07T15:30:07","guid":{"rendered":"http:\/\/jlggb.net\/blog8\/?p=862"},"modified":"2022-07-10T14:22:49","modified_gmt":"2022-07-10T12:22:49","slug":"cales-a-carreaux","status":"publish","type":"post","link":"https:\/\/jlggb.net\/blog8\/2022\/07\/07\/cales-a-carreaux\/","title":{"rendered":"Cales \u00e0 carreaux"},"content":{"rendered":"<p><a href=\"https:\/\/jlggb.net\/blog8\/wp-content\/uploads\/2022\/07\/carreaux-quatro-metro-20220707-jlggb-scaled.jpg\" data-rel=\"lightbox-image-0\" data-imagelightbox=\"0\" data-rl_title=\"\" data-rl_caption=\"\" title=\"\"><img loading=\"lazy\" decoding=\"async\" class=\"alignnone wp-image-863\" src=\"https:\/\/jlggb.net\/blog8\/wp-content\/uploads\/2022\/07\/carreaux-quatro-metro-20220707-jlggb-scaled.jpg\" alt=\"\" width=\"640\" height=\"480\" srcset=\"https:\/\/jlggb.net\/blog8\/wp-content\/uploads\/2022\/07\/carreaux-quatro-metro-20220707-jlggb-scaled.jpg 2560w, https:\/\/jlggb.net\/blog8\/wp-content\/uploads\/2022\/07\/carreaux-quatro-metro-20220707-jlggb-300x225.jpg 300w, https:\/\/jlggb.net\/blog8\/wp-content\/uploads\/2022\/07\/carreaux-quatro-metro-20220707-jlggb-1024x768.jpg 1024w, https:\/\/jlggb.net\/blog8\/wp-content\/uploads\/2022\/07\/carreaux-quatro-metro-20220707-jlggb-768x576.jpg 768w, https:\/\/jlggb.net\/blog8\/wp-content\/uploads\/2022\/07\/carreaux-quatro-metro-20220707-jlggb-1536x1152.jpg 1536w, https:\/\/jlggb.net\/blog8\/wp-content\/uploads\/2022\/07\/carreaux-quatro-metro-20220707-jlggb-2048x1536.jpg 2048w, https:\/\/jlggb.net\/blog8\/wp-content\/uploads\/2022\/07\/carreaux-quatro-metro-20220707-jlggb-150x113.jpg 150w\" sizes=\"auto, (max-width: 640px) 100vw, 640px\" \/><\/a><br \/>\nJeudi 7 juillet 2022, 17h30, m\u00e9tro Strasbourg-Saint-Denis. Si les carreaux blancs Boulenger, rectangles de proportion 2\/1 biseaut\u00e9s, s&rsquo;identifient au m\u00e9tro parisien, identifient le m\u00e9tro, ils sont l\u00e0 pour rassurer, assurer un cadre, une permanence \u2013 la c\u00e9ramique \u00e9maill\u00e9e est synonyme d&rsquo;inalt\u00e9rable \u2014, autrement dit pour \u00eatre entretenus, restaur\u00e9s, chang\u00e9s.<\/p>\n","protected":false},"excerpt":{"rendered":"<p>Jeudi 7 juillet 2022, 17h30, m\u00e9tro Strasbourg-Saint-Denis. Si les carreaux blancs Boulenger, rectangles de proportion 2\/1 biseaut\u00e9s, s&rsquo;identifient au m\u00e9tro parisien, identifient le m\u00e9tro, ils sont l\u00e0 pour rassurer, assurer un cadre, une permanence \u2013 la c\u00e9ramique \u00e9maill\u00e9e est synonyme d&rsquo;inalt\u00e9rable \u2014, autrement dit pour \u00eatre entretenus, restaur\u00e9s, chang\u00e9s.<\/p>\n","protected":false},"author":1,"featured_media":0,"comment_status":"closed","ping_status":"closed","sticky":false,"template":"","format":"standard","meta":{"footnotes":""},"categories":[122,13,53,28],"tags":[68,60,183],"class_list":["post-862","post","type-post","status-publish","format-standard","hentry","category-construction","category-couleur","category-histoire","category-objet","tag-carreaux","tag-metro","tag-reparation"],"_links":{"self":[{"href":"https:\/\/jlggb.net\/blog8\/wp-json\/wp\/v2\/posts\/862","targetHints":{"allow":["GET"]}}],"collection":[{"href":"https:\/\/jlggb.net\/blog8\/wp-json\/wp\/v2\/posts"}],"about":[{"href":"https:\/\/jlggb.net\/blog8\/wp-json\/wp\/v2\/types\/post"}],"author":[{"embeddable":true,"href":"https:\/\/jlggb.net\/blog8\/wp-json\/wp\/v2\/users\/1"}],"replies":[{"embeddable":true,"href":"https:\/\/jlggb.net\/blog8\/wp-json\/wp\/v2\/comments?post=862"}],"version-history":[{"count":7,"href":"https:\/\/jlggb.net\/blog8\/wp-json\/wp\/v2\/posts\/862\/revisions"}],"predecessor-version":[{"id":870,"href":"https:\/\/jlggb.net\/blog8\/wp-json\/wp\/v2\/posts\/862\/revisions\/870"}],"wp:attachment":[{"href":"https:\/\/jlggb.net\/blog8\/wp-json\/wp\/v2\/media?parent=862"}],"wp:term":[{"taxonomy":"category","embeddable":true,"href":"https:\/\/jlggb.net\/blog8\/wp-json\/wp\/v2\/categories?post=862"},{"taxonomy":"post_tag","embeddable":true,"href":"https:\/\/jlggb.net\/blog8\/wp-json\/wp\/v2\/tags?post=862"}],"curies":[{"name":"wp","href":"https:\/\/api.w.org\/{rel}","templated":true}]}}