{"id":812,"date":"2022-03-22T13:30:19","date_gmt":"2022-03-22T12:30:19","guid":{"rendered":"http:\/\/jlggb.net\/blog8\/?p=812"},"modified":"2022-07-06T01:24:54","modified_gmt":"2022-07-05T23:24:54","slug":"un-gobelet-tres-fin","status":"publish","type":"post","link":"https:\/\/jlggb.net\/blog8\/2022\/03\/22\/un-gobelet-tres-fin\/","title":{"rendered":"Un gobelet d\u00e9licat"},"content":{"rendered":"<p><a href=\"https:\/\/jlggb.net\/blog8\/wp-content\/uploads\/2022\/03\/gobelet-st-romain-20220322-jlggb-scaled.jpg\" data-rel=\"lightbox-image-0\" data-imagelightbox=\"0\" data-rl_title=\"\" data-rl_caption=\"\" title=\"\"><img loading=\"lazy\" decoding=\"async\" src=\"https:\/\/jlggb.net\/blog8\/wp-content\/uploads\/2022\/03\/gobelet-st-romain-20220322-jlggb-scaled.jpg\" alt=\"\" width=\"640\" height=\"480\" class=\"alignnone size-full wp-image-815\" srcset=\"https:\/\/jlggb.net\/blog8\/wp-content\/uploads\/2022\/03\/gobelet-st-romain-20220322-jlggb-scaled.jpg 2560w, https:\/\/jlggb.net\/blog8\/wp-content\/uploads\/2022\/03\/gobelet-st-romain-20220322-jlggb-300x225.jpg 300w, https:\/\/jlggb.net\/blog8\/wp-content\/uploads\/2022\/03\/gobelet-st-romain-20220322-jlggb-1024x768.jpg 1024w, https:\/\/jlggb.net\/blog8\/wp-content\/uploads\/2022\/03\/gobelet-st-romain-20220322-jlggb-768x576.jpg 768w, https:\/\/jlggb.net\/blog8\/wp-content\/uploads\/2022\/03\/gobelet-st-romain-20220322-jlggb-1536x1152.jpg 1536w, https:\/\/jlggb.net\/blog8\/wp-content\/uploads\/2022\/03\/gobelet-st-romain-20220322-jlggb-2048x1536.jpg 2048w, https:\/\/jlggb.net\/blog8\/wp-content\/uploads\/2022\/03\/gobelet-st-romain-20220322-jlggb-150x113.jpg 150w\" sizes=\"auto, (max-width: 640px) 100vw, 640px\" \/><\/a><br \/>\nMardi 22 mars 2022, 13h30, Saint-Romain-en-Gal, Rh\u00f4ne. Ce gobelet de \u00ab c\u00e9ramique fine \u00bb est dat\u00e9 du 1er si\u00e8cle apr\u00e8s JC. Nous le prenons comme jalon de l&rsquo;Atlas du gobelet car il a \u00e9t\u00e9 pr\u00e9lev\u00e9 ici m\u00eame, sur le site de Saint-Romain-en-Gal.<\/p>\n","protected":false},"excerpt":{"rendered":"<p>Mardi 22 mars 2022, 13h30, Saint-Romain-en-Gal, Rh\u00f4ne. Ce gobelet de \u00ab c\u00e9ramique fine \u00bb est dat\u00e9 du 1er si\u00e8cle apr\u00e8s JC. Nous le prenons comme jalon de l&rsquo;Atlas du gobelet car il a \u00e9t\u00e9 pr\u00e9lev\u00e9 ici m\u00eame, sur le site de Saint-Romain-en-Gal.<\/p>\n","protected":false},"author":1,"featured_media":0,"comment_status":"closed","ping_status":"closed","sticky":false,"template":"","format":"standard","meta":{"footnotes":""},"categories":[67,9,6,53],"tags":[175,174,76],"class_list":["post-812","post","type-post","status-publish","format-standard","hentry","category-artisanat","category-collection","category-design","category-histoire","tag-archeologie","tag-atlas","tag-gobelet"],"_links":{"self":[{"href":"https:\/\/jlggb.net\/blog8\/wp-json\/wp\/v2\/posts\/812","targetHints":{"allow":["GET"]}}],"collection":[{"href":"https:\/\/jlggb.net\/blog8\/wp-json\/wp\/v2\/posts"}],"about":[{"href":"https:\/\/jlggb.net\/blog8\/wp-json\/wp\/v2\/types\/post"}],"author":[{"embeddable":true,"href":"https:\/\/jlggb.net\/blog8\/wp-json\/wp\/v2\/users\/1"}],"replies":[{"embeddable":true,"href":"https:\/\/jlggb.net\/blog8\/wp-json\/wp\/v2\/comments?post=812"}],"version-history":[{"count":5,"href":"https:\/\/jlggb.net\/blog8\/wp-json\/wp\/v2\/posts\/812\/revisions"}],"predecessor-version":[{"id":818,"href":"https:\/\/jlggb.net\/blog8\/wp-json\/wp\/v2\/posts\/812\/revisions\/818"}],"wp:attachment":[{"href":"https:\/\/jlggb.net\/blog8\/wp-json\/wp\/v2\/media?parent=812"}],"wp:term":[{"taxonomy":"category","embeddable":true,"href":"https:\/\/jlggb.net\/blog8\/wp-json\/wp\/v2\/categories?post=812"},{"taxonomy":"post_tag","embeddable":true,"href":"https:\/\/jlggb.net\/blog8\/wp-json\/wp\/v2\/tags?post=812"}],"curies":[{"name":"wp","href":"https:\/\/api.w.org\/{rel}","templated":true}]}}