{"id":717,"date":"2022-05-29T22:28:33","date_gmt":"2022-05-29T20:28:33","guid":{"rendered":"http:\/\/jlggb.net\/blog8\/?p=717"},"modified":"2022-05-29T22:36:47","modified_gmt":"2022-05-29T20:36:47","slug":"a-limpression","status":"publish","type":"post","link":"https:\/\/jlggb.net\/blog8\/2022\/05\/29\/a-limpression\/","title":{"rendered":"Le num\u00e9ro 43 de La Couleur des jours"},"content":{"rendered":"<p><a href=\"https:\/\/jlggb.net\/blog8\/wp-content\/uploads\/2022\/05\/cdj_43_jlggb.jpg\" data-rel=\"lightbox-image-0\" data-imagelightbox=\"0\" data-rl_title=\"\" data-rl_caption=\"\" title=\"\"><img loading=\"lazy\" decoding=\"async\" class=\"alignnone wp-image-718\" src=\"https:\/\/jlggb.net\/blog8\/wp-content\/uploads\/2022\/05\/cdj_43_jlggb.jpg\" alt=\"\" width=\"640\" height=\"1081\" srcset=\"https:\/\/jlggb.net\/blog8\/wp-content\/uploads\/2022\/05\/cdj_43_jlggb.jpg 1128w, https:\/\/jlggb.net\/blog8\/wp-content\/uploads\/2022\/05\/cdj_43_jlggb-178x300.jpg 178w, https:\/\/jlggb.net\/blog8\/wp-content\/uploads\/2022\/05\/cdj_43_jlggb-606x1024.jpg 606w, https:\/\/jlggb.net\/blog8\/wp-content\/uploads\/2022\/05\/cdj_43_jlggb-768x1297.jpg 768w, https:\/\/jlggb.net\/blog8\/wp-content\/uploads\/2022\/05\/cdj_43_jlggb-910x1536.jpg 910w, https:\/\/jlggb.net\/blog8\/wp-content\/uploads\/2022\/05\/cdj_43_jlggb-89x150.jpg 89w\" sizes=\"auto, (max-width: 640px) 100vw, 640px\" \/><\/a><br \/>\nLundi 30 mai 2022, 8h. Il y est question de discernement, de signes et de situations, de terrain et de guerre. En avant-premi\u00e8re, le num\u00e9ro 43 de <em>La Couleur des jours<\/em>, \u00e9t\u00e9 2022. <a href=\"http:\/\/www.lacouleurdesjours.ch\/\" target=\"_blank\" rel=\"noopener\">http:\/\/www.lacouleurdesjours.ch\/<\/a><\/p>\n","protected":false},"excerpt":{"rendered":"<p>Lundi 30 mai 2022, 8h. Il y est question de discernement, de signes et de situations, de terrain et de guerre. En avant-premi\u00e8re, le num\u00e9ro 43 de La Couleur des jours, \u00e9t\u00e9 2022. http:\/\/www.lacouleurdesjours.ch\/<\/p>\n","protected":false},"author":1,"featured_media":0,"comment_status":"closed","ping_status":"closed","sticky":false,"template":"","format":"standard","meta":{"footnotes":""},"categories":[17,53,40],"tags":[87],"class_list":["post-717","post","type-post","status-publish","format-standard","hentry","category-evenement","category-histoire","category-signe","tag-la-couleur-des-jours"],"_links":{"self":[{"href":"https:\/\/jlggb.net\/blog8\/wp-json\/wp\/v2\/posts\/717","targetHints":{"allow":["GET"]}}],"collection":[{"href":"https:\/\/jlggb.net\/blog8\/wp-json\/wp\/v2\/posts"}],"about":[{"href":"https:\/\/jlggb.net\/blog8\/wp-json\/wp\/v2\/types\/post"}],"author":[{"embeddable":true,"href":"https:\/\/jlggb.net\/blog8\/wp-json\/wp\/v2\/users\/1"}],"replies":[{"embeddable":true,"href":"https:\/\/jlggb.net\/blog8\/wp-json\/wp\/v2\/comments?post=717"}],"version-history":[{"count":7,"href":"https:\/\/jlggb.net\/blog8\/wp-json\/wp\/v2\/posts\/717\/revisions"}],"predecessor-version":[{"id":725,"href":"https:\/\/jlggb.net\/blog8\/wp-json\/wp\/v2\/posts\/717\/revisions\/725"}],"wp:attachment":[{"href":"https:\/\/jlggb.net\/blog8\/wp-json\/wp\/v2\/media?parent=717"}],"wp:term":[{"taxonomy":"category","embeddable":true,"href":"https:\/\/jlggb.net\/blog8\/wp-json\/wp\/v2\/categories?post=717"},{"taxonomy":"post_tag","embeddable":true,"href":"https:\/\/jlggb.net\/blog8\/wp-json\/wp\/v2\/tags?post=717"}],"curies":[{"name":"wp","href":"https:\/\/api.w.org\/{rel}","templated":true}]}}