{"id":595,"date":"2022-04-16T16:00:25","date_gmt":"2022-04-16T14:00:25","guid":{"rendered":"http:\/\/jlggb.net\/blog8\/?p=595"},"modified":"2022-04-21T23:05:51","modified_gmt":"2022-04-21T21:05:51","slug":"ukraine-de-paris","status":"publish","type":"post","link":"https:\/\/jlggb.net\/blog8\/2022\/04\/16\/ukraine-de-paris\/","title":{"rendered":"Ukraine de Paris"},"content":{"rendered":"<p><a href=\"https:\/\/jlggb.net\/blog8\/wp-content\/uploads\/2022\/04\/ukraine-paris-20220416-square-scaled.jpg\" data-rel=\"lightbox-image-0\" data-imagelightbox=\"0\" data-rl_title=\"\" data-rl_caption=\"\" title=\"\"><img loading=\"lazy\" decoding=\"async\" src=\"https:\/\/jlggb.net\/blog8\/wp-content\/uploads\/2022\/04\/ukraine-paris-20220416-square-scaled.jpg\" alt=\"\" width=\"640\" height=\"640\" class=\"alignnone size-full wp-image-596\" srcset=\"https:\/\/jlggb.net\/blog8\/wp-content\/uploads\/2022\/04\/ukraine-paris-20220416-square-scaled.jpg 2560w, https:\/\/jlggb.net\/blog8\/wp-content\/uploads\/2022\/04\/ukraine-paris-20220416-square-300x300.jpg 300w, https:\/\/jlggb.net\/blog8\/wp-content\/uploads\/2022\/04\/ukraine-paris-20220416-square-1024x1024.jpg 1024w, https:\/\/jlggb.net\/blog8\/wp-content\/uploads\/2022\/04\/ukraine-paris-20220416-square-150x150.jpg 150w, https:\/\/jlggb.net\/blog8\/wp-content\/uploads\/2022\/04\/ukraine-paris-20220416-square-768x768.jpg 768w, https:\/\/jlggb.net\/blog8\/wp-content\/uploads\/2022\/04\/ukraine-paris-20220416-square-1536x1536.jpg 1536w, https:\/\/jlggb.net\/blog8\/wp-content\/uploads\/2022\/04\/ukraine-paris-20220416-square-2048x2048.jpg 2048w\" sizes=\"auto, (max-width: 640px) 100vw, 640px\" \/><\/a><br \/>\nSamedi 16 avril 2022, 16h, boulevard Beaumarchais, Paris. Il y a aujourd&rsquo;hui plusieurs manifestations dans Paris, li\u00e9es \u00e0 la pr\u00e9sidentielle. La manifestation de d\u00e9nonciation de la guerre russe en Ukraine vient de la R\u00e9publique. Elle se pose en un tableau de corps, de couleurs et de noms. <\/p>\n","protected":false},"excerpt":{"rendered":"<p>Samedi 16 avril 2022, 16h, boulevard Beaumarchais, Paris. Il y a aujourd&rsquo;hui plusieurs manifestations dans Paris, li\u00e9es \u00e0 la pr\u00e9sidentielle. La manifestation de d\u00e9nonciation de la guerre russe en Ukraine vient de la R\u00e9publique. Elle se pose en un tableau de corps, de couleurs et de noms.<\/p>\n","protected":false},"author":1,"featured_media":0,"comment_status":"closed","ping_status":"closed","sticky":false,"template":"","format":"standard","meta":{"footnotes":""},"categories":[20,13,113,17,16],"tags":[137],"class_list":["post-595","post","type-post","status-publish","format-standard","hentry","category-contexte","category-couleur","category-dire","category-evenement","category-moment","tag-manifestation"],"_links":{"self":[{"href":"https:\/\/jlggb.net\/blog8\/wp-json\/wp\/v2\/posts\/595","targetHints":{"allow":["GET"]}}],"collection":[{"href":"https:\/\/jlggb.net\/blog8\/wp-json\/wp\/v2\/posts"}],"about":[{"href":"https:\/\/jlggb.net\/blog8\/wp-json\/wp\/v2\/types\/post"}],"author":[{"embeddable":true,"href":"https:\/\/jlggb.net\/blog8\/wp-json\/wp\/v2\/users\/1"}],"replies":[{"embeddable":true,"href":"https:\/\/jlggb.net\/blog8\/wp-json\/wp\/v2\/comments?post=595"}],"version-history":[{"count":4,"href":"https:\/\/jlggb.net\/blog8\/wp-json\/wp\/v2\/posts\/595\/revisions"}],"predecessor-version":[{"id":612,"href":"https:\/\/jlggb.net\/blog8\/wp-json\/wp\/v2\/posts\/595\/revisions\/612"}],"wp:attachment":[{"href":"https:\/\/jlggb.net\/blog8\/wp-json\/wp\/v2\/media?parent=595"}],"wp:term":[{"taxonomy":"category","embeddable":true,"href":"https:\/\/jlggb.net\/blog8\/wp-json\/wp\/v2\/categories?post=595"},{"taxonomy":"post_tag","embeddable":true,"href":"https:\/\/jlggb.net\/blog8\/wp-json\/wp\/v2\/tags?post=595"}],"curies":[{"name":"wp","href":"https:\/\/api.w.org\/{rel}","templated":true}]}}