{"id":387,"date":"2022-02-28T12:00:56","date_gmt":"2022-02-28T11:00:56","guid":{"rendered":"http:\/\/jlggb.net\/blog8\/?p=387"},"modified":"2022-03-11T00:29:48","modified_gmt":"2022-03-10T23:29:48","slug":"le-numero-42-de-la-couleur-des-jours","status":"publish","type":"post","link":"https:\/\/jlggb.net\/blog8\/2022\/02\/28\/le-numero-42-de-la-couleur-des-jours\/","title":{"rendered":"Le num\u00e9ro 42 de La Couleur des jours"},"content":{"rendered":"<p><a href=\"https:\/\/jlggb.net\/blog8\/wp-content\/uploads\/2022\/02\/cdj_42_co_jlggb.jpg\" data-rel=\"lightbox-image-0\" data-imagelightbox=\"0\" data-rl_title=\"\" data-rl_caption=\"\" title=\"\"><img loading=\"lazy\" decoding=\"async\" class=\"alignnone wp-image-396\" src=\"https:\/\/jlggb.net\/blog8\/wp-content\/uploads\/2022\/02\/cdj_42_co_jlggb.jpg\" alt=\"\" width=\"640\" height=\"1081\" srcset=\"https:\/\/jlggb.net\/blog8\/wp-content\/uploads\/2022\/02\/cdj_42_co_jlggb.jpg 1128w, https:\/\/jlggb.net\/blog8\/wp-content\/uploads\/2022\/02\/cdj_42_co_jlggb-178x300.jpg 178w, https:\/\/jlggb.net\/blog8\/wp-content\/uploads\/2022\/02\/cdj_42_co_jlggb-606x1024.jpg 606w, https:\/\/jlggb.net\/blog8\/wp-content\/uploads\/2022\/02\/cdj_42_co_jlggb-768x1297.jpg 768w, https:\/\/jlggb.net\/blog8\/wp-content\/uploads\/2022\/02\/cdj_42_co_jlggb-910x1536.jpg 910w, https:\/\/jlggb.net\/blog8\/wp-content\/uploads\/2022\/02\/cdj_42_co_jlggb-89x150.jpg 89w\" sizes=\"auto, (max-width: 640px) 100vw, 640px\" \/><\/a><br \/>\nLundi 28 f\u00e9vrier 2022, 12h. Il y est question de gestes et d&rsquo;objets, dans une gamme de gris et de lumi\u00e8res, qui ont une histoire et une signification particuli\u00e8re \u00e0 un moment donn\u00e9. En avant-premi\u00e8re, le num\u00e9ro 42 de <em>La Couleur des jours<\/em>, printemps 2022. <a href=\"http:\/\/www.lacouleurdesjours.ch\/\" rel=\"noopener\" target=\"_blank\">http:\/\/www.lacouleurdesjours.ch\/<\/a><\/p>\n","protected":false},"excerpt":{"rendered":"<p>Lundi 28 f\u00e9vrier 2022, 12h. Il y est question de gestes et d&rsquo;objets, dans une gamme de gris et de lumi\u00e8res, qui ont une histoire et une signification particuli\u00e8re \u00e0 un moment donn\u00e9. En avant-premi\u00e8re, le num\u00e9ro 42 de La Couleur des jours, printemps 2022. http:\/\/www.lacouleurdesjours.ch\/<\/p>\n","protected":false},"author":1,"featured_media":0,"comment_status":"closed","ping_status":"closed","sticky":false,"template":"","format":"standard","meta":{"footnotes":""},"categories":[88,28,40],"tags":[87],"class_list":["post-387","post","type-post","status-publish","format-standard","hentry","category-geste","category-objet","category-signe","tag-la-couleur-des-jours"],"_links":{"self":[{"href":"https:\/\/jlggb.net\/blog8\/wp-json\/wp\/v2\/posts\/387","targetHints":{"allow":["GET"]}}],"collection":[{"href":"https:\/\/jlggb.net\/blog8\/wp-json\/wp\/v2\/posts"}],"about":[{"href":"https:\/\/jlggb.net\/blog8\/wp-json\/wp\/v2\/types\/post"}],"author":[{"embeddable":true,"href":"https:\/\/jlggb.net\/blog8\/wp-json\/wp\/v2\/users\/1"}],"replies":[{"embeddable":true,"href":"https:\/\/jlggb.net\/blog8\/wp-json\/wp\/v2\/comments?post=387"}],"version-history":[{"count":9,"href":"https:\/\/jlggb.net\/blog8\/wp-json\/wp\/v2\/posts\/387\/revisions"}],"predecessor-version":[{"id":399,"href":"https:\/\/jlggb.net\/blog8\/wp-json\/wp\/v2\/posts\/387\/revisions\/399"}],"wp:attachment":[{"href":"https:\/\/jlggb.net\/blog8\/wp-json\/wp\/v2\/media?parent=387"}],"wp:term":[{"taxonomy":"category","embeddable":true,"href":"https:\/\/jlggb.net\/blog8\/wp-json\/wp\/v2\/categories?post=387"},{"taxonomy":"post_tag","embeddable":true,"href":"https:\/\/jlggb.net\/blog8\/wp-json\/wp\/v2\/tags?post=387"}],"curies":[{"name":"wp","href":"https:\/\/api.w.org\/{rel}","templated":true}]}}