{"id":3623,"date":"2023-08-05T18:45:49","date_gmt":"2023-08-05T16:45:49","guid":{"rendered":"http:\/\/jlggb.net\/blog8\/?p=3623"},"modified":"2024-01-13T02:10:29","modified_gmt":"2024-01-13T01:10:29","slug":"autoportrait-aide","status":"publish","type":"post","link":"https:\/\/jlggb.net\/blog8\/2023\/08\/05\/autoportrait-aide\/","title":{"rendered":"Autoportrait aid\u00e9"},"content":{"rendered":"<p><a href=\"https:\/\/jlggb.net\/blog8\/wp-content\/uploads\/2024\/01\/gomringer_mamco_jlggb_20230805_instag-scaled.jpg\" data-rel=\"lightbox-image-0\" data-imagelightbox=\"0\" data-rl_title=\"\" data-rl_caption=\"\" title=\"\"><img loading=\"lazy\" decoding=\"async\" src=\"https:\/\/jlggb.net\/blog8\/wp-content\/uploads\/2024\/01\/gomringer_mamco_jlggb_20230805_instag-scaled.jpg\" alt=\"\" width=\"640\" height=\"640\" class=\"alignnone size-full wp-image-3624\" srcset=\"https:\/\/jlggb.net\/blog8\/wp-content\/uploads\/2024\/01\/gomringer_mamco_jlggb_20230805_instag-scaled.jpg 2560w, https:\/\/jlggb.net\/blog8\/wp-content\/uploads\/2024\/01\/gomringer_mamco_jlggb_20230805_instag-300x300.jpg 300w, https:\/\/jlggb.net\/blog8\/wp-content\/uploads\/2024\/01\/gomringer_mamco_jlggb_20230805_instag-1024x1024.jpg 1024w, https:\/\/jlggb.net\/blog8\/wp-content\/uploads\/2024\/01\/gomringer_mamco_jlggb_20230805_instag-150x150.jpg 150w, https:\/\/jlggb.net\/blog8\/wp-content\/uploads\/2024\/01\/gomringer_mamco_jlggb_20230805_instag-768x768.jpg 768w, https:\/\/jlggb.net\/blog8\/wp-content\/uploads\/2024\/01\/gomringer_mamco_jlggb_20230805_instag-1536x1536.jpg 1536w, https:\/\/jlggb.net\/blog8\/wp-content\/uploads\/2024\/01\/gomringer_mamco_jlggb_20230805_instag-2048x2048.jpg 2048w\" sizes=\"auto, (max-width: 640px) 100vw, 640px\" \/><\/a><br \/>\nSamedi 5 ao\u00fbt 2023, 18h 45, Mamco, Gen\u00e8ve. Reflet dans un sous-verre de Eugen Gomringer, pour \u00eatre ici, dans son rouge, dans son \u0153uvre et dans sa salle. Publi\u00e9 sur Instagram.<\/p>\n","protected":false},"excerpt":{"rendered":"<p>Samedi 5 ao\u00fbt 2023, 18h 45, Mamco, Gen\u00e8ve. Reflet dans un sous-verre de Eugen Gomringer, pour \u00eatre ici, dans son rouge, dans son \u0153uvre et dans sa salle. Publi\u00e9 sur Instagram.<\/p>\n","protected":false},"author":1,"featured_media":0,"comment_status":"closed","ping_status":"closed","sticky":false,"template":"","format":"standard","meta":{"footnotes":""},"categories":[7,16,232],"tags":[384],"class_list":["post-3623","post","type-post","status-publish","format-standard","hentry","category-art","category-moment","category-relation","tag-reflet"],"_links":{"self":[{"href":"https:\/\/jlggb.net\/blog8\/wp-json\/wp\/v2\/posts\/3623","targetHints":{"allow":["GET"]}}],"collection":[{"href":"https:\/\/jlggb.net\/blog8\/wp-json\/wp\/v2\/posts"}],"about":[{"href":"https:\/\/jlggb.net\/blog8\/wp-json\/wp\/v2\/types\/post"}],"author":[{"embeddable":true,"href":"https:\/\/jlggb.net\/blog8\/wp-json\/wp\/v2\/users\/1"}],"replies":[{"embeddable":true,"href":"https:\/\/jlggb.net\/blog8\/wp-json\/wp\/v2\/comments?post=3623"}],"version-history":[{"count":5,"href":"https:\/\/jlggb.net\/blog8\/wp-json\/wp\/v2\/posts\/3623\/revisions"}],"predecessor-version":[{"id":3629,"href":"https:\/\/jlggb.net\/blog8\/wp-json\/wp\/v2\/posts\/3623\/revisions\/3629"}],"wp:attachment":[{"href":"https:\/\/jlggb.net\/blog8\/wp-json\/wp\/v2\/media?parent=3623"}],"wp:term":[{"taxonomy":"category","embeddable":true,"href":"https:\/\/jlggb.net\/blog8\/wp-json\/wp\/v2\/categories?post=3623"},{"taxonomy":"post_tag","embeddable":true,"href":"https:\/\/jlggb.net\/blog8\/wp-json\/wp\/v2\/tags?post=3623"}],"curies":[{"name":"wp","href":"https:\/\/api.w.org\/{rel}","templated":true}]}}